{"id":838,"date":"2016-08-23T08:54:12","date_gmt":"2016-08-23T05:54:12","guid":{"rendered":"https:\/\/magdacesti.md\/?p=838"},"modified":"2016-08-23T08:54:12","modified_gmt":"2016-08-23T05:54:12","slug":"sportivii-din-magdacesti-stagiu-de-pregatire-la-mioveni","status":"publish","type":"post","link":"https:\/\/magdacesti.md\/?p=838","title":{"rendered":"SPORTIVII DIN MAGDACESTI, STAGIU DE PREGATIRE LA MIOVENI"},"content":{"rendered":"<p>\u00cen aceast\u0103 s\u0103pt\u0103m\u00e2n\u0103, 20 de copii n\u0103scu\u0163i \u00een anul 2001 ai \u015ecolii Sportive din M\u0103gd\u0103ce\u015fti \u2013 Republica Moldova s-au aflat \u00een Mioveni-Romania, unde au executat un stagiu de preg\u0103tire centralizat\u0103 la Centrul de Copii \u015fi Juniori CS Mioveni.<br \/>\n\u00cen afar\u0103 de cantonament, echipa de fotbal din M\u0103gd\u0103ce\u015fti a petrecut \u015fi dou\u0103 meciuri amicale, cu juniorii de la CS Mioveni, dar \u015fi vizite la cele mai importante obiective turistice din jude\u0163ul Arge\u015f.<br \/>\nJoi, 18 august, oaspe\u0163ii moldoveni au asistat la antrenamentul echipei de seniori a CS Mioveni.<br \/>\nAt\u00e2t sportivii din M\u0103gd\u0103ce\u015fti, c\u00e2t \u015fi antrenorul lotului s-au ar\u0103tat interesa\u0163i de schemele tehnico-tactice exersate de juc\u0103torii romani sub coordonarea antrenorului Alexandru Palici.<br \/>\nVizita va fi una reciproc\u0103, astfel c\u0103, \u00een perioada 23 &#8211; 30 august, grupa de juniori antrenat\u0103 de Iulian Preda va merge \u00een Moldova la un stagiu de  preg\u0103tire.<br \/>\nLocalit\u0103\u021bile M\u0103gd\u0103ce\u015fti \u015fi Mioveni sunt din acest an localit\u0103\u0163i \u00eenfr\u0103\u0163ite, iar cele dou\u0103 grup\u0103ri sportive, \u015ecoala Sportiv\u0103 M\u0103gd\u0103ce\u0219ti \u015fi CS Mioveni promoveaz\u0103 un schimb de experien\u0163\u0103 \u00eentre sportivi. Prin intermediul acestui parteneriat se inten\u021bioneaz\u0103 atragerea celor mai valoro\u0219i fotbali\u015fti din Moldova spre echipa de seniori din Mioveni.<br \/>\n________________________________________________________________________________________<br \/>\n<img loading=\"lazy\" decoding=\"async\" class=\"alignleft size-medium wp-image-192\" style=\"border: 2px solid black;\" alt=\"Foto005\" src=\"https:\/\/magdacesti.md\/wp-content\/uploads\/2016\/08\/tabara-015.jpg\" width=\"610\" height=\"400\" \/><br \/>\n________________________________________________________________________________________<br \/>\n<img loading=\"lazy\" decoding=\"async\" class=\"alignleft size-medium wp-image-192\" style=\"border: 2px solid black;\" alt=\"Foto005\" src=\"https:\/\/magdacesti.md\/wp-content\/uploads\/2016\/08\/tabara-006.jpg\" width=\"610\" height=\"400\" \/><br \/>\n________________________________________________________________________________________<br \/>\n<img loading=\"lazy\" decoding=\"async\" class=\"alignleft size-medium wp-image-192\" style=\"border: 2px solid black;\" alt=\"Foto005\" src=\"https:\/\/magdacesti.md\/wp-content\/uploads\/2016\/08\/13938378_187841078296481_5144624027326352811_n.jpg\" width=\"610\" height=\"400\" \/><br \/>\n________________________________________________________________________________________<br \/>\n<img loading=\"lazy\" decoding=\"async\" class=\"alignleft size-medium wp-image-192\" style=\"border: 2px solid black;\" alt=\"Foto005\" src=\"https:\/\/magdacesti.md\/wp-content\/uploads\/2016\/08\/13932792_187841134963142_6510889362304297697_n_1.jpg\" width=\"610\" height=\"400\" \/><br \/>\n________________________________________________________________________________________<br \/>\n<img loading=\"lazy\" decoding=\"async\" class=\"alignleft size-medium wp-image-192\" style=\"border: 2px solid black;\" alt=\"Foto005\" src=\"https:\/\/magdacesti.md\/wp-content\/uploads\/2016\/08\/13932792_187841134963142_6510889362304297697_n.jpg\" width=\"610\" height=\"400\" \/><br \/>\n________________________________________________________________________________________<\/p>\n","protected":false},"excerpt":{"rendered":"<p>\u00cen aceast\u0103 s\u0103pt\u0103m\u00e2n\u0103, 20 de copii n\u0103scu\u0163i \u00een anul 2001 ai \u015ecolii Sportive din M\u0103gd\u0103ce\u015fti \u2013 Republica Moldova s-au aflat \u00een Mioveni-Romania, unde au executat un stagiu de preg\u0103tire centralizat\u0103 la Centrul de Copii \u015fi Juniori CS Mioveni. \u00cen afar\u0103 de cantonament, echipa de fotbal din M\u0103gd\u0103ce\u015fti a petrecut \u015fi dou\u0103 meciuri amicale, cu juniorii [&#8230;]\n","protected":false},"author":1,"featured_media":0,"comment_status":"closed","ping_status":"closed","sticky":false,"template":"","format":"standard","meta":{"ngg_post_thumbnail":0,"footnotes":""},"categories":[4],"tags":[],"class_list":["post-838","post","type-post","status-publish","format-standard","hentry","category-stiri"],"yoast_head":"<!-- This site is optimized with the Yoast SEO plugin v23.3 - https:\/\/yoast.com\/wordpress\/plugins\/seo\/ -->\n<title>SPORTIVII DIN MAGDACESTI, STAGIU DE PREGATIRE LA MIOVENI - M\u0103gd\u0103ce\u0219ti<\/title>\n<meta name=\"description\" content=\"Bine ati venit pe pagina oficiala a Primariei Magdacesti.\" \/>\n<meta name=\"robots\" content=\"index, follow, max-snippet:-1, max-image-preview:large, max-video-preview:-1\" \/>\n<link rel=\"canonical\" href=\"https:\/\/magdacesti.md\/?p=838\" \/>\n<meta property=\"og:locale\" content=\"en_US\" \/>\n<meta property=\"og:type\" content=\"article\" \/>\n<meta property=\"og:title\" content=\"SPORTIVII DIN MAGDACESTI, STAGIU DE PREGATIRE LA MIOVENI - M\u0103gd\u0103ce\u0219ti\" \/>\n<meta property=\"og:description\" content=\"Bine ati venit pe pagina oficiala a Primariei Magdacesti.\" \/>\n<meta property=\"og:url\" content=\"https:\/\/magdacesti.md\/?p=838\" \/>\n<meta property=\"og:site_name\" content=\"M\u0103gd\u0103ce\u0219ti\" \/>\n<meta property=\"article:publisher\" content=\"https:\/\/www.facebook.com\/magdacesti.md\/\" \/>\n<meta property=\"article:published_time\" content=\"2016-08-23T05:54:12+00:00\" \/>\n<meta property=\"og:image\" content=\"https:\/\/magdacesti.md\/wp-content\/uploads\/2016\/08\/tabara-015.jpg\" \/>\n<meta name=\"author\" content=\"magdacesti\" \/>\n<meta name=\"twitter:card\" content=\"summary_large_image\" \/>\n<meta name=\"twitter:label1\" content=\"Written by\" \/>\n\t<meta name=\"twitter:data1\" content=\"magdacesti\" \/>\n\t<meta name=\"twitter:label2\" content=\"Est. reading time\" \/>\n\t<meta name=\"twitter:data2\" content=\"1 minute\" \/>\n<script type=\"application\/ld+json\" class=\"yoast-schema-graph\">{\"@context\":\"https:\/\/schema.org\",\"@graph\":[{\"@type\":\"Article\",\"@id\":\"https:\/\/magdacesti.md\/?p=838#article\",\"isPartOf\":{\"@id\":\"https:\/\/magdacesti.md\/?p=838\"},\"author\":{\"name\":\"magdacesti\",\"@id\":\"https:\/\/magdacesti.md\/#\/schema\/person\/ee6a6d0a5f0b0cb676ac992c8e414842\"},\"headline\":\"SPORTIVII DIN MAGDACESTI, STAGIU DE PREGATIRE LA MIOVENI\",\"datePublished\":\"2016-08-23T05:54:12+00:00\",\"dateModified\":\"2016-08-23T05:54:12+00:00\",\"mainEntityOfPage\":{\"@id\":\"https:\/\/magdacesti.md\/?p=838\"},\"wordCount\":223,\"publisher\":{\"@id\":\"https:\/\/magdacesti.md\/#organization\"},\"image\":{\"@id\":\"https:\/\/magdacesti.md\/?p=838#primaryimage\"},\"thumbnailUrl\":\"https:\/\/magdacesti.md\/wp-content\/uploads\/2016\/08\/tabara-015.jpg\",\"articleSection\":[\"Stiri\"],\"inLanguage\":\"en-US\"},{\"@type\":\"WebPage\",\"@id\":\"https:\/\/magdacesti.md\/?p=838\",\"url\":\"https:\/\/magdacesti.md\/?p=838\",\"name\":\"SPORTIVII DIN MAGDACESTI, STAGIU DE PREGATIRE LA MIOVENI - M\u0103gd\u0103ce\u0219ti\",\"isPartOf\":{\"@id\":\"https:\/\/magdacesti.md\/#website\"},\"primaryImageOfPage\":{\"@id\":\"https:\/\/magdacesti.md\/?p=838#primaryimage\"},\"image\":{\"@id\":\"https:\/\/magdacesti.md\/?p=838#primaryimage\"},\"thumbnailUrl\":\"https:\/\/magdacesti.md\/wp-content\/uploads\/2016\/08\/tabara-015.jpg\",\"datePublished\":\"2016-08-23T05:54:12+00:00\",\"dateModified\":\"2016-08-23T05:54:12+00:00\",\"description\":\"Bine ati venit pe pagina oficiala a Primariei Magdacesti.\",\"breadcrumb\":{\"@id\":\"https:\/\/magdacesti.md\/?p=838#breadcrumb\"},\"inLanguage\":\"en-US\",\"potentialAction\":[{\"@type\":\"ReadAction\",\"target\":[\"https:\/\/magdacesti.md\/?p=838\"]}]},{\"@type\":\"ImageObject\",\"inLanguage\":\"en-US\",\"@id\":\"https:\/\/magdacesti.md\/?p=838#primaryimage\",\"url\":\"https:\/\/magdacesti.md\/wp-content\/uploads\/2016\/08\/tabara-015.jpg\",\"contentUrl\":\"https:\/\/magdacesti.md\/wp-content\/uploads\/2016\/08\/tabara-015.jpg\"},{\"@type\":\"BreadcrumbList\",\"@id\":\"https:\/\/magdacesti.md\/?p=838#breadcrumb\",\"itemListElement\":[{\"@type\":\"ListItem\",\"position\":1,\"name\":\"Home\",\"item\":\"https:\/\/magdacesti.md\/\"},{\"@type\":\"ListItem\",\"position\":2,\"name\":\"SPORTIVII DIN MAGDACESTI, STAGIU DE PREGATIRE LA MIOVENI\"}]},{\"@type\":\"WebSite\",\"@id\":\"https:\/\/magdacesti.md\/#website\",\"url\":\"https:\/\/magdacesti.md\/\",\"name\":\"M\u0103gd\u0103ce\u0219ti\",\"description\":\"Un or\u0103\u0219el cu condi\u021bii decente de trai!\",\"publisher\":{\"@id\":\"https:\/\/magdacesti.md\/#organization\"},\"potentialAction\":[{\"@type\":\"SearchAction\",\"target\":{\"@type\":\"EntryPoint\",\"urlTemplate\":\"https:\/\/magdacesti.md\/?s={search_term_string}\"},\"query-input\":\"required name=search_term_string\"}],\"inLanguage\":\"en-US\"},{\"@type\":\"Organization\",\"@id\":\"https:\/\/magdacesti.md\/#organization\",\"name\":\"M\u0103gd\u0103ce\u0219ti\",\"url\":\"https:\/\/magdacesti.md\/\",\"logo\":{\"@type\":\"ImageObject\",\"inLanguage\":\"en-US\",\"@id\":\"https:\/\/magdacesti.md\/#\/schema\/logo\/image\/\",\"url\":\"https:\/\/magdacesti.md\/wp-content\/uploads\/2021\/03\/Foto-514-scaled.jpg\",\"contentUrl\":\"https:\/\/magdacesti.md\/wp-content\/uploads\/2021\/03\/Foto-514-scaled.jpg\",\"width\":2560,\"height\":1707,\"caption\":\"M\u0103gd\u0103ce\u0219ti\"},\"image\":{\"@id\":\"https:\/\/magdacesti.md\/#\/schema\/logo\/image\/\"},\"sameAs\":[\"https:\/\/www.facebook.com\/magdacesti.md\/\"]},{\"@type\":\"Person\",\"@id\":\"https:\/\/magdacesti.md\/#\/schema\/person\/ee6a6d0a5f0b0cb676ac992c8e414842\",\"name\":\"magdacesti\",\"sameAs\":[\"https:\/\/magdacesti.md\"],\"url\":\"https:\/\/magdacesti.md\/?author=1\"}]}<\/script>\n<!-- \/ Yoast SEO plugin. -->","yoast_head_json":{"title":"SPORTIVII DIN MAGDACESTI, STAGIU DE PREGATIRE LA MIOVENI - M\u0103gd\u0103ce\u0219ti","description":"Bine ati venit pe pagina oficiala a Primariei Magdacesti.","robots":{"index":"index","follow":"follow","max-snippet":"max-snippet:-1","max-image-preview":"max-image-preview:large","max-video-preview":"max-video-preview:-1"},"canonical":"https:\/\/magdacesti.md\/?p=838","og_locale":"en_US","og_type":"article","og_title":"SPORTIVII DIN MAGDACESTI, STAGIU DE PREGATIRE LA MIOVENI - M\u0103gd\u0103ce\u0219ti","og_description":"Bine ati venit pe pagina oficiala a Primariei Magdacesti.","og_url":"https:\/\/magdacesti.md\/?p=838","og_site_name":"M\u0103gd\u0103ce\u0219ti","article_publisher":"https:\/\/www.facebook.com\/magdacesti.md\/","article_published_time":"2016-08-23T05:54:12+00:00","og_image":[{"url":"https:\/\/magdacesti.md\/wp-content\/uploads\/2016\/08\/tabara-015.jpg"}],"author":"magdacesti","twitter_card":"summary_large_image","twitter_misc":{"Written by":"magdacesti","Est. reading time":"1 minute"},"schema":{"@context":"https:\/\/schema.org","@graph":[{"@type":"Article","@id":"https:\/\/magdacesti.md\/?p=838#article","isPartOf":{"@id":"https:\/\/magdacesti.md\/?p=838"},"author":{"name":"magdacesti","@id":"https:\/\/magdacesti.md\/#\/schema\/person\/ee6a6d0a5f0b0cb676ac992c8e414842"},"headline":"SPORTIVII DIN MAGDACESTI, STAGIU DE PREGATIRE LA MIOVENI","datePublished":"2016-08-23T05:54:12+00:00","dateModified":"2016-08-23T05:54:12+00:00","mainEntityOfPage":{"@id":"https:\/\/magdacesti.md\/?p=838"},"wordCount":223,"publisher":{"@id":"https:\/\/magdacesti.md\/#organization"},"image":{"@id":"https:\/\/magdacesti.md\/?p=838#primaryimage"},"thumbnailUrl":"https:\/\/magdacesti.md\/wp-content\/uploads\/2016\/08\/tabara-015.jpg","articleSection":["Stiri"],"inLanguage":"en-US"},{"@type":"WebPage","@id":"https:\/\/magdacesti.md\/?p=838","url":"https:\/\/magdacesti.md\/?p=838","name":"SPORTIVII DIN MAGDACESTI, STAGIU DE PREGATIRE LA MIOVENI - M\u0103gd\u0103ce\u0219ti","isPartOf":{"@id":"https:\/\/magdacesti.md\/#website"},"primaryImageOfPage":{"@id":"https:\/\/magdacesti.md\/?p=838#primaryimage"},"image":{"@id":"https:\/\/magdacesti.md\/?p=838#primaryimage"},"thumbnailUrl":"https:\/\/magdacesti.md\/wp-content\/uploads\/2016\/08\/tabara-015.jpg","datePublished":"2016-08-23T05:54:12+00:00","dateModified":"2016-08-23T05:54:12+00:00","description":"Bine ati venit pe pagina oficiala a Primariei Magdacesti.","breadcrumb":{"@id":"https:\/\/magdacesti.md\/?p=838#breadcrumb"},"inLanguage":"en-US","potentialAction":[{"@type":"ReadAction","target":["https:\/\/magdacesti.md\/?p=838"]}]},{"@type":"ImageObject","inLanguage":"en-US","@id":"https:\/\/magdacesti.md\/?p=838#primaryimage","url":"https:\/\/magdacesti.md\/wp-content\/uploads\/2016\/08\/tabara-015.jpg","contentUrl":"https:\/\/magdacesti.md\/wp-content\/uploads\/2016\/08\/tabara-015.jpg"},{"@type":"BreadcrumbList","@id":"https:\/\/magdacesti.md\/?p=838#breadcrumb","itemListElement":[{"@type":"ListItem","position":1,"name":"Home","item":"https:\/\/magdacesti.md\/"},{"@type":"ListItem","position":2,"name":"SPORTIVII DIN MAGDACESTI, STAGIU DE PREGATIRE LA MIOVENI"}]},{"@type":"WebSite","@id":"https:\/\/magdacesti.md\/#website","url":"https:\/\/magdacesti.md\/","name":"M\u0103gd\u0103ce\u0219ti","description":"Un or\u0103\u0219el cu condi\u021bii decente de trai!","publisher":{"@id":"https:\/\/magdacesti.md\/#organization"},"potentialAction":[{"@type":"SearchAction","target":{"@type":"EntryPoint","urlTemplate":"https:\/\/magdacesti.md\/?s={search_term_string}"},"query-input":"required name=search_term_string"}],"inLanguage":"en-US"},{"@type":"Organization","@id":"https:\/\/magdacesti.md\/#organization","name":"M\u0103gd\u0103ce\u0219ti","url":"https:\/\/magdacesti.md\/","logo":{"@type":"ImageObject","inLanguage":"en-US","@id":"https:\/\/magdacesti.md\/#\/schema\/logo\/image\/","url":"https:\/\/magdacesti.md\/wp-content\/uploads\/2021\/03\/Foto-514-scaled.jpg","contentUrl":"https:\/\/magdacesti.md\/wp-content\/uploads\/2021\/03\/Foto-514-scaled.jpg","width":2560,"height":1707,"caption":"M\u0103gd\u0103ce\u0219ti"},"image":{"@id":"https:\/\/magdacesti.md\/#\/schema\/logo\/image\/"},"sameAs":["https:\/\/www.facebook.com\/magdacesti.md\/"]},{"@type":"Person","@id":"https:\/\/magdacesti.md\/#\/schema\/person\/ee6a6d0a5f0b0cb676ac992c8e414842","name":"magdacesti","sameAs":["https:\/\/magdacesti.md"],"url":"https:\/\/magdacesti.md\/?author=1"}]}},"_links":{"self":[{"href":"https:\/\/magdacesti.md\/index.php?rest_route=\/wp\/v2\/posts\/838","targetHints":{"allow":["GET"]}}],"collection":[{"href":"https:\/\/magdacesti.md\/index.php?rest_route=\/wp\/v2\/posts"}],"about":[{"href":"https:\/\/magdacesti.md\/index.php?rest_route=\/wp\/v2\/types\/post"}],"author":[{"embeddable":true,"href":"https:\/\/magdacesti.md\/index.php?rest_route=\/wp\/v2\/users\/1"}],"replies":[{"embeddable":true,"href":"https:\/\/magdacesti.md\/index.php?rest_route=%2Fwp%2Fv2%2Fcomments&post=838"}],"version-history":[{"count":0,"href":"https:\/\/magdacesti.md\/index.php?rest_route=\/wp\/v2\/posts\/838\/revisions"}],"wp:attachment":[{"href":"https:\/\/magdacesti.md\/index.php?rest_route=%2Fwp%2Fv2%2Fmedia&parent=838"}],"wp:term":[{"taxonomy":"category","embeddable":true,"href":"https:\/\/magdacesti.md\/index.php?rest_route=%2Fwp%2Fv2%2Fcategories&post=838"},{"taxonomy":"post_tag","embeddable":true,"href":"https:\/\/magdacesti.md\/index.php?rest_route=%2Fwp%2Fv2%2Ftags&post=838"}],"curies":[{"name":"wp","href":"https:\/\/api.w.org\/{rel}","templated":true}]}}