{"id":851,"date":"2016-10-21T09:42:51","date_gmt":"2016-10-21T06:42:51","guid":{"rendered":"https:\/\/magdacesti.md\/?p=851"},"modified":"2016-10-21T09:42:51","modified_gmt":"2016-10-21T06:42:51","slug":"851","status":"publish","type":"post","link":"https:\/\/magdacesti.md\/?p=851","title":{"rendered":"\u015eedin\u0163\u0103 comun\u0103 CL Mioveni &#8211; CL M\u0103gd\u0103ce\u015fti"},"content":{"rendered":"<p>________________________________________________________________________________________<br \/>\n<img loading=\"lazy\" decoding=\"async\" class=\"alignleft size-medium wp-image-192\" style=\"border: 2px solid black;\" alt=\"Foto005\" src=\"https:\/\/magdacesti.md\/wp-content\/uploads\/2016\/10\/2.jpg\" width=\"610\" height=\"400\" \/><br \/>\n________________________________________________________________________________________<\/p>\n<p><b>La 29 septembrie 2016 a avut loc \u015fedin\u0163a comun\u0103 a Consiliului Local Mioveni \u015fi a Consiliului Local M\u0103gd\u0103ce\u015fti, din Republica Moldova. \u00cen cadrul acestei \u015fedin\u0163e a fost ratificat\u0103 \u00cen\u0163elegerea de cooperare \u00eentre ora\u015ful Mioveni \u015fi localitatea M\u0103gd\u0103ce\u015fti, Raionul Criuleni, din Republica Moldova, \u015fi aprobat\u0103 constituirea unei comisii comune, format\u0103 din consilieri locali din cele dou\u0103 localit\u0103\u0163i, \u00een vederea elabor\u0103rii Planului de Ac\u0163iuni pe domenii, pentru perioada 2016 &#8211; 2020. <\/b><\/p>\n<p>Totodat\u0103, \u00een semn de prietenie fa\u0163\u0103 moldoveni, Consiliul Local Mioveni a a\u00adprobat darea spre utilizare Consiliului Local M\u0103gd\u0103ce\u015fti a unei autospeciale IVECO destinat\u0103 colect\u0103rii de\u015feurilor. Pe l\u00eeng\u0103 consilierii celor dou\u0103 localit\u0103\u0163i, la \u015fedin\u0163a consiliilor au participat \u015fi deputatul Simona Bucura Oprescu, vicepre\u015fedintele Consiliului Jude\u0163ean Arge\u015f, Simona Br\u0103tulescu, angaja\u0163i ai institu\u0163iei, precum \u015fi reprezentan\u0163i ai serviciilor \u015fi institu\u0163iilor subordonate Prim\u0103riei Mioveni. Acest eveniment are loc \u00een contextul \u00een care \u00eentre Mioveni \u015fi M\u0103gd\u0103ce\u015fti exist\u0103 \u00eencheiat un acord de \u00eenfr\u0103\u0163ire, care prevede derularea de proiecte comune \u00een administra\u0163ie, educa\u0163ie, cultur\u0103 \u015fi sport.<br \/>\n<iframe loading=\"lazy\" title=\"Sedinta comuna a Consiliilor Locale din Mioveni si Magdacesti (R.Moldova)\" width=\"1020\" height=\"765\" src=\"https:\/\/www.youtube.com\/embed\/ujV4t3bBkZ0?feature=oembed\" frameborder=\"0\" allow=\"accelerometer; autoplay; clipboard-write; encrypted-media; gyroscope; picture-in-picture\" allowfullscreen><\/iframe><br \/>\n________________________________________________________________________________________<br \/>\n<img loading=\"lazy\" decoding=\"async\" class=\"alignleft size-medium wp-image-192\" style=\"border: 2px solid black;\" alt=\"Foto005\" src=\"https:\/\/magdacesti.md\/wp-content\/uploads\/2016\/10\/3.jpg\" width=\"610\" height=\"400\" \/><br \/>\n________________________________________________________________________________________<br \/>\n<img loading=\"lazy\" decoding=\"async\" class=\"alignleft size-medium wp-image-192\" style=\"border: 2px solid black;\" alt=\"Foto005\" src=\"https:\/\/magdacesti.md\/wp-content\/uploads\/2016\/10\/1.jpg\" width=\"610\" height=\"400\" \/><br \/>\n________________________________________________________________________________________<\/p>\n","protected":false},"excerpt":{"rendered":"<p>________________________________________________________________________________________ ________________________________________________________________________________________ La 29 septembrie 2016 a avut loc \u015fedin\u0163a comun\u0103 a Consiliului Local Mioveni \u015fi a Consiliului Local M\u0103gd\u0103ce\u015fti, din Republica Moldova. \u00cen cadrul acestei \u015fedin\u0163e a fost ratificat\u0103 \u00cen\u0163elegerea de cooperare \u00eentre ora\u015ful Mioveni \u015fi localitatea M\u0103gd\u0103ce\u015fti, Raionul Criuleni, din Republica Moldova, \u015fi aprobat\u0103 constituirea unei comisii comune, format\u0103 din consilieri locali din [&#8230;]\n","protected":false},"author":1,"featured_media":0,"comment_status":"closed","ping_status":"closed","sticky":false,"template":"","format":"standard","meta":{"ngg_post_thumbnail":0,"footnotes":""},"categories":[4],"tags":[],"class_list":["post-851","post","type-post","status-publish","format-standard","hentry","category-stiri"],"yoast_head":"<!-- This site is optimized with the Yoast SEO plugin v23.3 - https:\/\/yoast.com\/wordpress\/plugins\/seo\/ -->\n<title>\u015eedin\u0163\u0103 comun\u0103 CL Mioveni - CL M\u0103gd\u0103ce\u015fti - M\u0103gd\u0103ce\u0219ti<\/title>\n<meta name=\"description\" content=\"Bine ati venit pe pagina oficiala a Primariei Magdacesti.\" \/>\n<meta name=\"robots\" content=\"index, follow, max-snippet:-1, max-image-preview:large, max-video-preview:-1\" \/>\n<link rel=\"canonical\" href=\"https:\/\/magdacesti.md\/?p=851\" \/>\n<meta property=\"og:locale\" content=\"en_US\" \/>\n<meta property=\"og:type\" content=\"article\" \/>\n<meta property=\"og:title\" content=\"\u015eedin\u0163\u0103 comun\u0103 CL Mioveni - CL M\u0103gd\u0103ce\u015fti - M\u0103gd\u0103ce\u0219ti\" \/>\n<meta property=\"og:description\" content=\"Bine ati venit pe pagina oficiala a Primariei Magdacesti.\" \/>\n<meta property=\"og:url\" content=\"https:\/\/magdacesti.md\/?p=851\" \/>\n<meta property=\"og:site_name\" content=\"M\u0103gd\u0103ce\u0219ti\" \/>\n<meta property=\"article:publisher\" content=\"https:\/\/www.facebook.com\/magdacesti.md\/\" \/>\n<meta property=\"article:published_time\" content=\"2016-10-21T06:42:51+00:00\" \/>\n<meta property=\"og:image\" content=\"https:\/\/magdacesti.md\/wp-content\/uploads\/2016\/10\/2.jpg\" \/>\n<meta name=\"author\" content=\"magdacesti\" \/>\n<meta name=\"twitter:card\" content=\"summary_large_image\" \/>\n<meta name=\"twitter:label1\" content=\"Written by\" \/>\n\t<meta name=\"twitter:data1\" content=\"magdacesti\" \/>\n\t<meta name=\"twitter:label2\" content=\"Est. reading time\" \/>\n\t<meta name=\"twitter:data2\" content=\"1 minute\" \/>\n<script type=\"application\/ld+json\" class=\"yoast-schema-graph\">{\"@context\":\"https:\/\/schema.org\",\"@graph\":[{\"@type\":\"Article\",\"@id\":\"https:\/\/magdacesti.md\/?p=851#article\",\"isPartOf\":{\"@id\":\"https:\/\/magdacesti.md\/?p=851\"},\"author\":{\"name\":\"magdacesti\",\"@id\":\"https:\/\/magdacesti.md\/#\/schema\/person\/ee6a6d0a5f0b0cb676ac992c8e414842\"},\"headline\":\"\u015eedin\u0163\u0103 comun\u0103 CL Mioveni &#8211; CL M\u0103gd\u0103ce\u015fti\",\"datePublished\":\"2016-10-21T06:42:51+00:00\",\"dateModified\":\"2016-10-21T06:42:51+00:00\",\"mainEntityOfPage\":{\"@id\":\"https:\/\/magdacesti.md\/?p=851\"},\"wordCount\":210,\"publisher\":{\"@id\":\"https:\/\/magdacesti.md\/#organization\"},\"image\":{\"@id\":\"https:\/\/magdacesti.md\/?p=851#primaryimage\"},\"thumbnailUrl\":\"https:\/\/magdacesti.md\/wp-content\/uploads\/2016\/10\/2.jpg\",\"articleSection\":[\"Stiri\"],\"inLanguage\":\"en-US\"},{\"@type\":\"WebPage\",\"@id\":\"https:\/\/magdacesti.md\/?p=851\",\"url\":\"https:\/\/magdacesti.md\/?p=851\",\"name\":\"\u015eedin\u0163\u0103 comun\u0103 CL Mioveni - CL M\u0103gd\u0103ce\u015fti - M\u0103gd\u0103ce\u0219ti\",\"isPartOf\":{\"@id\":\"https:\/\/magdacesti.md\/#website\"},\"primaryImageOfPage\":{\"@id\":\"https:\/\/magdacesti.md\/?p=851#primaryimage\"},\"image\":{\"@id\":\"https:\/\/magdacesti.md\/?p=851#primaryimage\"},\"thumbnailUrl\":\"https:\/\/magdacesti.md\/wp-content\/uploads\/2016\/10\/2.jpg\",\"datePublished\":\"2016-10-21T06:42:51+00:00\",\"dateModified\":\"2016-10-21T06:42:51+00:00\",\"description\":\"Bine ati venit pe pagina oficiala a Primariei Magdacesti.\",\"breadcrumb\":{\"@id\":\"https:\/\/magdacesti.md\/?p=851#breadcrumb\"},\"inLanguage\":\"en-US\",\"potentialAction\":[{\"@type\":\"ReadAction\",\"target\":[\"https:\/\/magdacesti.md\/?p=851\"]}]},{\"@type\":\"ImageObject\",\"inLanguage\":\"en-US\",\"@id\":\"https:\/\/magdacesti.md\/?p=851#primaryimage\",\"url\":\"https:\/\/magdacesti.md\/wp-content\/uploads\/2016\/10\/2.jpg\",\"contentUrl\":\"https:\/\/magdacesti.md\/wp-content\/uploads\/2016\/10\/2.jpg\"},{\"@type\":\"BreadcrumbList\",\"@id\":\"https:\/\/magdacesti.md\/?p=851#breadcrumb\",\"itemListElement\":[{\"@type\":\"ListItem\",\"position\":1,\"name\":\"Home\",\"item\":\"https:\/\/magdacesti.md\/\"},{\"@type\":\"ListItem\",\"position\":2,\"name\":\"\u015eedin\u0163\u0103 comun\u0103 CL Mioveni &#8211; CL M\u0103gd\u0103ce\u015fti\"}]},{\"@type\":\"WebSite\",\"@id\":\"https:\/\/magdacesti.md\/#website\",\"url\":\"https:\/\/magdacesti.md\/\",\"name\":\"M\u0103gd\u0103ce\u0219ti\",\"description\":\"Un or\u0103\u0219el cu condi\u021bii decente de trai!\",\"publisher\":{\"@id\":\"https:\/\/magdacesti.md\/#organization\"},\"potentialAction\":[{\"@type\":\"SearchAction\",\"target\":{\"@type\":\"EntryPoint\",\"urlTemplate\":\"https:\/\/magdacesti.md\/?s={search_term_string}\"},\"query-input\":\"required name=search_term_string\"}],\"inLanguage\":\"en-US\"},{\"@type\":\"Organization\",\"@id\":\"https:\/\/magdacesti.md\/#organization\",\"name\":\"M\u0103gd\u0103ce\u0219ti\",\"url\":\"https:\/\/magdacesti.md\/\",\"logo\":{\"@type\":\"ImageObject\",\"inLanguage\":\"en-US\",\"@id\":\"https:\/\/magdacesti.md\/#\/schema\/logo\/image\/\",\"url\":\"https:\/\/magdacesti.md\/wp-content\/uploads\/2021\/03\/Foto-514-scaled.jpg\",\"contentUrl\":\"https:\/\/magdacesti.md\/wp-content\/uploads\/2021\/03\/Foto-514-scaled.jpg\",\"width\":2560,\"height\":1707,\"caption\":\"M\u0103gd\u0103ce\u0219ti\"},\"image\":{\"@id\":\"https:\/\/magdacesti.md\/#\/schema\/logo\/image\/\"},\"sameAs\":[\"https:\/\/www.facebook.com\/magdacesti.md\/\"]},{\"@type\":\"Person\",\"@id\":\"https:\/\/magdacesti.md\/#\/schema\/person\/ee6a6d0a5f0b0cb676ac992c8e414842\",\"name\":\"magdacesti\",\"sameAs\":[\"https:\/\/magdacesti.md\"],\"url\":\"https:\/\/magdacesti.md\/?author=1\"}]}<\/script>\n<!-- \/ Yoast SEO plugin. -->","yoast_head_json":{"title":"\u015eedin\u0163\u0103 comun\u0103 CL Mioveni - CL M\u0103gd\u0103ce\u015fti - M\u0103gd\u0103ce\u0219ti","description":"Bine ati venit pe pagina oficiala a Primariei Magdacesti.","robots":{"index":"index","follow":"follow","max-snippet":"max-snippet:-1","max-image-preview":"max-image-preview:large","max-video-preview":"max-video-preview:-1"},"canonical":"https:\/\/magdacesti.md\/?p=851","og_locale":"en_US","og_type":"article","og_title":"\u015eedin\u0163\u0103 comun\u0103 CL Mioveni - CL M\u0103gd\u0103ce\u015fti - M\u0103gd\u0103ce\u0219ti","og_description":"Bine ati venit pe pagina oficiala a Primariei Magdacesti.","og_url":"https:\/\/magdacesti.md\/?p=851","og_site_name":"M\u0103gd\u0103ce\u0219ti","article_publisher":"https:\/\/www.facebook.com\/magdacesti.md\/","article_published_time":"2016-10-21T06:42:51+00:00","og_image":[{"url":"https:\/\/magdacesti.md\/wp-content\/uploads\/2016\/10\/2.jpg"}],"author":"magdacesti","twitter_card":"summary_large_image","twitter_misc":{"Written by":"magdacesti","Est. reading time":"1 minute"},"schema":{"@context":"https:\/\/schema.org","@graph":[{"@type":"Article","@id":"https:\/\/magdacesti.md\/?p=851#article","isPartOf":{"@id":"https:\/\/magdacesti.md\/?p=851"},"author":{"name":"magdacesti","@id":"https:\/\/magdacesti.md\/#\/schema\/person\/ee6a6d0a5f0b0cb676ac992c8e414842"},"headline":"\u015eedin\u0163\u0103 comun\u0103 CL Mioveni &#8211; CL M\u0103gd\u0103ce\u015fti","datePublished":"2016-10-21T06:42:51+00:00","dateModified":"2016-10-21T06:42:51+00:00","mainEntityOfPage":{"@id":"https:\/\/magdacesti.md\/?p=851"},"wordCount":210,"publisher":{"@id":"https:\/\/magdacesti.md\/#organization"},"image":{"@id":"https:\/\/magdacesti.md\/?p=851#primaryimage"},"thumbnailUrl":"https:\/\/magdacesti.md\/wp-content\/uploads\/2016\/10\/2.jpg","articleSection":["Stiri"],"inLanguage":"en-US"},{"@type":"WebPage","@id":"https:\/\/magdacesti.md\/?p=851","url":"https:\/\/magdacesti.md\/?p=851","name":"\u015eedin\u0163\u0103 comun\u0103 CL Mioveni - CL M\u0103gd\u0103ce\u015fti - M\u0103gd\u0103ce\u0219ti","isPartOf":{"@id":"https:\/\/magdacesti.md\/#website"},"primaryImageOfPage":{"@id":"https:\/\/magdacesti.md\/?p=851#primaryimage"},"image":{"@id":"https:\/\/magdacesti.md\/?p=851#primaryimage"},"thumbnailUrl":"https:\/\/magdacesti.md\/wp-content\/uploads\/2016\/10\/2.jpg","datePublished":"2016-10-21T06:42:51+00:00","dateModified":"2016-10-21T06:42:51+00:00","description":"Bine ati venit pe pagina oficiala a Primariei Magdacesti.","breadcrumb":{"@id":"https:\/\/magdacesti.md\/?p=851#breadcrumb"},"inLanguage":"en-US","potentialAction":[{"@type":"ReadAction","target":["https:\/\/magdacesti.md\/?p=851"]}]},{"@type":"ImageObject","inLanguage":"en-US","@id":"https:\/\/magdacesti.md\/?p=851#primaryimage","url":"https:\/\/magdacesti.md\/wp-content\/uploads\/2016\/10\/2.jpg","contentUrl":"https:\/\/magdacesti.md\/wp-content\/uploads\/2016\/10\/2.jpg"},{"@type":"BreadcrumbList","@id":"https:\/\/magdacesti.md\/?p=851#breadcrumb","itemListElement":[{"@type":"ListItem","position":1,"name":"Home","item":"https:\/\/magdacesti.md\/"},{"@type":"ListItem","position":2,"name":"\u015eedin\u0163\u0103 comun\u0103 CL Mioveni &#8211; CL M\u0103gd\u0103ce\u015fti"}]},{"@type":"WebSite","@id":"https:\/\/magdacesti.md\/#website","url":"https:\/\/magdacesti.md\/","name":"M\u0103gd\u0103ce\u0219ti","description":"Un or\u0103\u0219el cu condi\u021bii decente de trai!","publisher":{"@id":"https:\/\/magdacesti.md\/#organization"},"potentialAction":[{"@type":"SearchAction","target":{"@type":"EntryPoint","urlTemplate":"https:\/\/magdacesti.md\/?s={search_term_string}"},"query-input":"required name=search_term_string"}],"inLanguage":"en-US"},{"@type":"Organization","@id":"https:\/\/magdacesti.md\/#organization","name":"M\u0103gd\u0103ce\u0219ti","url":"https:\/\/magdacesti.md\/","logo":{"@type":"ImageObject","inLanguage":"en-US","@id":"https:\/\/magdacesti.md\/#\/schema\/logo\/image\/","url":"https:\/\/magdacesti.md\/wp-content\/uploads\/2021\/03\/Foto-514-scaled.jpg","contentUrl":"https:\/\/magdacesti.md\/wp-content\/uploads\/2021\/03\/Foto-514-scaled.jpg","width":2560,"height":1707,"caption":"M\u0103gd\u0103ce\u0219ti"},"image":{"@id":"https:\/\/magdacesti.md\/#\/schema\/logo\/image\/"},"sameAs":["https:\/\/www.facebook.com\/magdacesti.md\/"]},{"@type":"Person","@id":"https:\/\/magdacesti.md\/#\/schema\/person\/ee6a6d0a5f0b0cb676ac992c8e414842","name":"magdacesti","sameAs":["https:\/\/magdacesti.md"],"url":"https:\/\/magdacesti.md\/?author=1"}]}},"_links":{"self":[{"href":"https:\/\/magdacesti.md\/index.php?rest_route=\/wp\/v2\/posts\/851","targetHints":{"allow":["GET"]}}],"collection":[{"href":"https:\/\/magdacesti.md\/index.php?rest_route=\/wp\/v2\/posts"}],"about":[{"href":"https:\/\/magdacesti.md\/index.php?rest_route=\/wp\/v2\/types\/post"}],"author":[{"embeddable":true,"href":"https:\/\/magdacesti.md\/index.php?rest_route=\/wp\/v2\/users\/1"}],"replies":[{"embeddable":true,"href":"https:\/\/magdacesti.md\/index.php?rest_route=%2Fwp%2Fv2%2Fcomments&post=851"}],"version-history":[{"count":0,"href":"https:\/\/magdacesti.md\/index.php?rest_route=\/wp\/v2\/posts\/851\/revisions"}],"wp:attachment":[{"href":"https:\/\/magdacesti.md\/index.php?rest_route=%2Fwp%2Fv2%2Fmedia&parent=851"}],"wp:term":[{"taxonomy":"category","embeddable":true,"href":"https:\/\/magdacesti.md\/index.php?rest_route=%2Fwp%2Fv2%2Fcategories&post=851"},{"taxonomy":"post_tag","embeddable":true,"href":"https:\/\/magdacesti.md\/index.php?rest_route=%2Fwp%2Fv2%2Ftags&post=851"}],"curies":[{"name":"wp","href":"https:\/\/api.w.org\/{rel}","templated":true}]}}