{"id":879,"date":"2016-12-08T16:29:50","date_gmt":"2016-12-08T14:29:50","guid":{"rendered":"https:\/\/magdacesti.md\/?p=879"},"modified":"2016-12-08T16:29:50","modified_gmt":"2016-12-08T14:29:50","slug":"879","status":"publish","type":"post","link":"https:\/\/magdacesti.md\/?p=879","title":{"rendered":"3 Decembrie-Ziua persoanelor cu dezabilitati"},"content":{"rendered":"<p>________________________________________________________________________________________<br \/>\n<img loading=\"lazy\" decoding=\"async\" class=\"alignleft size-medium wp-image-192\" style=\"border: 2px solid black;\" alt=\"Foto005\" src=\"https:\/\/magdacesti.md\/wp-content\/uploads\/2016\/12\/DSC07996.jpg\" width=\"610\" height=\"350\" \/><br \/>\n________________________________________________________________________________________<\/p>\n<p>La 3 decembrie 2016, \u00een incinta cantinei sociale din satul M\u0103gd\u0103ce\u0219ti, a fost organizat\u0103 o \u00eent\u00eelnire de suflet cu s\u0103tenii ce sunt pu\u021bin mai tri\u0219ti ca noi. La eveniment au fost prezen\u021bi 80 persoane cu dezabilitati,locuitori ai satului Magdacesti, care au participat la o discu\u021bie cu dl Ion Ciutac-doctor \u00een \u0219tiin\u021be medicale, unul din fondatorii chirurgiei laparoscopice din Moldova. \u00cen discursul s\u0103u, d-lui, a adus numeroase exemple din via\u021b\u0103 \u0219i din experien\u021ba sa de medic, insufl\u00eendu-le celor prezen\u021bi curajul \u0219i dragostea de via\u021b\u0103.<\/p>\n<p>Cu un mesaj de sus\u021binere \u0219i \u00eencurajare a fost al\u0103turi \u0219i d-na primar Liuba Cojocaru, totodat\u0103 a adus la cuno\u0219tin\u021b\u0103 obiectivele principale de dezvoltare a localit\u0103\u021bii perioada 2017-2020.<\/p>\n<p>Invita\u021bii au beneficiat de un pr\u00eenz, la \u00eencheierea evenimentului fiecare a primit un cadou de sus\u021binere.<\/p>\n<p>________________________________________________________________________________________<br \/>\n<img loading=\"lazy\" decoding=\"async\" class=\"alignleft size-medium wp-image-192\" style=\"border: 2px solid black;\" alt=\"Foto005\" src=\"https:\/\/magdacesti.md\/wp-content\/uploads\/2016\/12\/DSC08017.jpg\" width=\"610\" height=\"400\" \/><br \/>\n________________________________________________________________________________________<br \/>\n<img loading=\"lazy\" decoding=\"async\" class=\"alignleft size-medium wp-image-192\" style=\"border: 2px solid black;\" alt=\"Foto005\" src=\"https:\/\/magdacesti.md\/wp-content\/uploads\/2016\/12\/DSC08004.jpg\" width=\"610\" height=\"350\" \/><br \/>\n________________________________________________________________________________________<br \/>\n<img loading=\"lazy\" decoding=\"async\" class=\"alignleft size-medium wp-image-192\" style=\"border: 2px solid black;\" alt=\"Foto005\" src=\"https:\/\/magdacesti.md\/wp-content\/uploads\/2016\/12\/DSC08012.jpg\" width=\"610\" height=\"350\" \/><br \/>\n________________________________________________________________________________________<br \/>\n<img loading=\"lazy\" decoding=\"async\" class=\"alignleft size-medium wp-image-192\" style=\"border: 2px solid black;\" alt=\"Foto005\" src=\"https:\/\/magdacesti.md\/wp-content\/uploads\/2016\/12\/DSC08013.jpg\" width=\"610\" height=\"350\" \/><br \/>\n________________________________________________________________________________________<\/p>\n","protected":false},"excerpt":{"rendered":"<p>________________________________________________________________________________________ ________________________________________________________________________________________ La 3 decembrie 2016, \u00een incinta cantinei sociale din satul M\u0103gd\u0103ce\u0219ti, a fost organizat\u0103 o \u00eent\u00eelnire de suflet cu s\u0103tenii ce sunt pu\u021bin mai tri\u0219ti ca noi. La eveniment au fost prezen\u021bi 80 persoane cu dezabilitati,locuitori ai satului Magdacesti, care au participat la o discu\u021bie cu dl Ion Ciutac-doctor \u00een \u0219tiin\u021be medicale, unul [&#8230;]\n","protected":false},"author":1,"featured_media":0,"comment_status":"closed","ping_status":"closed","sticky":false,"template":"","format":"standard","meta":{"ngg_post_thumbnail":0,"footnotes":""},"categories":[4],"tags":[],"class_list":["post-879","post","type-post","status-publish","format-standard","hentry","category-stiri"],"yoast_head":"<!-- This site is optimized with the Yoast SEO plugin v23.3 - https:\/\/yoast.com\/wordpress\/plugins\/seo\/ -->\n<title>3 Decembrie-Ziua persoanelor cu dezabilitati - M\u0103gd\u0103ce\u0219ti<\/title>\n<meta name=\"description\" content=\"Bine ati venit pe pagina oficiala a Primariei Magdacesti.\" \/>\n<meta name=\"robots\" content=\"index, follow, max-snippet:-1, max-image-preview:large, max-video-preview:-1\" \/>\n<link rel=\"canonical\" href=\"https:\/\/magdacesti.md\/?p=879\" \/>\n<meta property=\"og:locale\" content=\"en_US\" \/>\n<meta property=\"og:type\" content=\"article\" \/>\n<meta property=\"og:title\" content=\"3 Decembrie-Ziua persoanelor cu dezabilitati - M\u0103gd\u0103ce\u0219ti\" \/>\n<meta property=\"og:description\" content=\"Bine ati venit pe pagina oficiala a Primariei Magdacesti.\" \/>\n<meta property=\"og:url\" content=\"https:\/\/magdacesti.md\/?p=879\" \/>\n<meta property=\"og:site_name\" content=\"M\u0103gd\u0103ce\u0219ti\" \/>\n<meta property=\"article:publisher\" content=\"https:\/\/www.facebook.com\/magdacesti.md\/\" \/>\n<meta property=\"article:published_time\" content=\"2016-12-08T14:29:50+00:00\" \/>\n<meta property=\"og:image\" content=\"https:\/\/magdacesti.md\/wp-content\/uploads\/2016\/12\/DSC07996.jpg\" \/>\n<meta name=\"author\" content=\"magdacesti\" \/>\n<meta name=\"twitter:card\" content=\"summary_large_image\" \/>\n<meta name=\"twitter:label1\" content=\"Written by\" \/>\n\t<meta name=\"twitter:data1\" content=\"magdacesti\" \/>\n\t<meta name=\"twitter:label2\" content=\"Est. reading time\" \/>\n\t<meta name=\"twitter:data2\" content=\"1 minute\" \/>\n<script type=\"application\/ld+json\" class=\"yoast-schema-graph\">{\"@context\":\"https:\/\/schema.org\",\"@graph\":[{\"@type\":\"Article\",\"@id\":\"https:\/\/magdacesti.md\/?p=879#article\",\"isPartOf\":{\"@id\":\"https:\/\/magdacesti.md\/?p=879\"},\"author\":{\"name\":\"magdacesti\",\"@id\":\"https:\/\/magdacesti.md\/#\/schema\/person\/ee6a6d0a5f0b0cb676ac992c8e414842\"},\"headline\":\"3 Decembrie-Ziua persoanelor cu dezabilitati\",\"datePublished\":\"2016-12-08T14:29:50+00:00\",\"dateModified\":\"2016-12-08T14:29:50+00:00\",\"mainEntityOfPage\":{\"@id\":\"https:\/\/magdacesti.md\/?p=879\"},\"wordCount\":150,\"publisher\":{\"@id\":\"https:\/\/magdacesti.md\/#organization\"},\"image\":{\"@id\":\"https:\/\/magdacesti.md\/?p=879#primaryimage\"},\"thumbnailUrl\":\"https:\/\/magdacesti.md\/wp-content\/uploads\/2016\/12\/DSC07996.jpg\",\"articleSection\":[\"Stiri\"],\"inLanguage\":\"en-US\"},{\"@type\":\"WebPage\",\"@id\":\"https:\/\/magdacesti.md\/?p=879\",\"url\":\"https:\/\/magdacesti.md\/?p=879\",\"name\":\"3 Decembrie-Ziua persoanelor cu dezabilitati - M\u0103gd\u0103ce\u0219ti\",\"isPartOf\":{\"@id\":\"https:\/\/magdacesti.md\/#website\"},\"primaryImageOfPage\":{\"@id\":\"https:\/\/magdacesti.md\/?p=879#primaryimage\"},\"image\":{\"@id\":\"https:\/\/magdacesti.md\/?p=879#primaryimage\"},\"thumbnailUrl\":\"https:\/\/magdacesti.md\/wp-content\/uploads\/2016\/12\/DSC07996.jpg\",\"datePublished\":\"2016-12-08T14:29:50+00:00\",\"dateModified\":\"2016-12-08T14:29:50+00:00\",\"description\":\"Bine ati venit pe pagina oficiala a Primariei Magdacesti.\",\"breadcrumb\":{\"@id\":\"https:\/\/magdacesti.md\/?p=879#breadcrumb\"},\"inLanguage\":\"en-US\",\"potentialAction\":[{\"@type\":\"ReadAction\",\"target\":[\"https:\/\/magdacesti.md\/?p=879\"]}]},{\"@type\":\"ImageObject\",\"inLanguage\":\"en-US\",\"@id\":\"https:\/\/magdacesti.md\/?p=879#primaryimage\",\"url\":\"https:\/\/magdacesti.md\/wp-content\/uploads\/2016\/12\/DSC07996.jpg\",\"contentUrl\":\"https:\/\/magdacesti.md\/wp-content\/uploads\/2016\/12\/DSC07996.jpg\"},{\"@type\":\"BreadcrumbList\",\"@id\":\"https:\/\/magdacesti.md\/?p=879#breadcrumb\",\"itemListElement\":[{\"@type\":\"ListItem\",\"position\":1,\"name\":\"Home\",\"item\":\"https:\/\/magdacesti.md\/\"},{\"@type\":\"ListItem\",\"position\":2,\"name\":\"3 Decembrie-Ziua persoanelor cu dezabilitati\"}]},{\"@type\":\"WebSite\",\"@id\":\"https:\/\/magdacesti.md\/#website\",\"url\":\"https:\/\/magdacesti.md\/\",\"name\":\"M\u0103gd\u0103ce\u0219ti\",\"description\":\"Un or\u0103\u0219el cu condi\u021bii decente de trai!\",\"publisher\":{\"@id\":\"https:\/\/magdacesti.md\/#organization\"},\"potentialAction\":[{\"@type\":\"SearchAction\",\"target\":{\"@type\":\"EntryPoint\",\"urlTemplate\":\"https:\/\/magdacesti.md\/?s={search_term_string}\"},\"query-input\":\"required name=search_term_string\"}],\"inLanguage\":\"en-US\"},{\"@type\":\"Organization\",\"@id\":\"https:\/\/magdacesti.md\/#organization\",\"name\":\"M\u0103gd\u0103ce\u0219ti\",\"url\":\"https:\/\/magdacesti.md\/\",\"logo\":{\"@type\":\"ImageObject\",\"inLanguage\":\"en-US\",\"@id\":\"https:\/\/magdacesti.md\/#\/schema\/logo\/image\/\",\"url\":\"https:\/\/magdacesti.md\/wp-content\/uploads\/2021\/03\/Foto-514-scaled.jpg\",\"contentUrl\":\"https:\/\/magdacesti.md\/wp-content\/uploads\/2021\/03\/Foto-514-scaled.jpg\",\"width\":2560,\"height\":1707,\"caption\":\"M\u0103gd\u0103ce\u0219ti\"},\"image\":{\"@id\":\"https:\/\/magdacesti.md\/#\/schema\/logo\/image\/\"},\"sameAs\":[\"https:\/\/www.facebook.com\/magdacesti.md\/\"]},{\"@type\":\"Person\",\"@id\":\"https:\/\/magdacesti.md\/#\/schema\/person\/ee6a6d0a5f0b0cb676ac992c8e414842\",\"name\":\"magdacesti\",\"sameAs\":[\"https:\/\/magdacesti.md\"],\"url\":\"https:\/\/magdacesti.md\/?author=1\"}]}<\/script>\n<!-- \/ Yoast SEO plugin. -->","yoast_head_json":{"title":"3 Decembrie-Ziua persoanelor cu dezabilitati - M\u0103gd\u0103ce\u0219ti","description":"Bine ati venit pe pagina oficiala a Primariei Magdacesti.","robots":{"index":"index","follow":"follow","max-snippet":"max-snippet:-1","max-image-preview":"max-image-preview:large","max-video-preview":"max-video-preview:-1"},"canonical":"https:\/\/magdacesti.md\/?p=879","og_locale":"en_US","og_type":"article","og_title":"3 Decembrie-Ziua persoanelor cu dezabilitati - M\u0103gd\u0103ce\u0219ti","og_description":"Bine ati venit pe pagina oficiala a Primariei Magdacesti.","og_url":"https:\/\/magdacesti.md\/?p=879","og_site_name":"M\u0103gd\u0103ce\u0219ti","article_publisher":"https:\/\/www.facebook.com\/magdacesti.md\/","article_published_time":"2016-12-08T14:29:50+00:00","og_image":[{"url":"https:\/\/magdacesti.md\/wp-content\/uploads\/2016\/12\/DSC07996.jpg"}],"author":"magdacesti","twitter_card":"summary_large_image","twitter_misc":{"Written by":"magdacesti","Est. reading time":"1 minute"},"schema":{"@context":"https:\/\/schema.org","@graph":[{"@type":"Article","@id":"https:\/\/magdacesti.md\/?p=879#article","isPartOf":{"@id":"https:\/\/magdacesti.md\/?p=879"},"author":{"name":"magdacesti","@id":"https:\/\/magdacesti.md\/#\/schema\/person\/ee6a6d0a5f0b0cb676ac992c8e414842"},"headline":"3 Decembrie-Ziua persoanelor cu dezabilitati","datePublished":"2016-12-08T14:29:50+00:00","dateModified":"2016-12-08T14:29:50+00:00","mainEntityOfPage":{"@id":"https:\/\/magdacesti.md\/?p=879"},"wordCount":150,"publisher":{"@id":"https:\/\/magdacesti.md\/#organization"},"image":{"@id":"https:\/\/magdacesti.md\/?p=879#primaryimage"},"thumbnailUrl":"https:\/\/magdacesti.md\/wp-content\/uploads\/2016\/12\/DSC07996.jpg","articleSection":["Stiri"],"inLanguage":"en-US"},{"@type":"WebPage","@id":"https:\/\/magdacesti.md\/?p=879","url":"https:\/\/magdacesti.md\/?p=879","name":"3 Decembrie-Ziua persoanelor cu dezabilitati - M\u0103gd\u0103ce\u0219ti","isPartOf":{"@id":"https:\/\/magdacesti.md\/#website"},"primaryImageOfPage":{"@id":"https:\/\/magdacesti.md\/?p=879#primaryimage"},"image":{"@id":"https:\/\/magdacesti.md\/?p=879#primaryimage"},"thumbnailUrl":"https:\/\/magdacesti.md\/wp-content\/uploads\/2016\/12\/DSC07996.jpg","datePublished":"2016-12-08T14:29:50+00:00","dateModified":"2016-12-08T14:29:50+00:00","description":"Bine ati venit pe pagina oficiala a Primariei Magdacesti.","breadcrumb":{"@id":"https:\/\/magdacesti.md\/?p=879#breadcrumb"},"inLanguage":"en-US","potentialAction":[{"@type":"ReadAction","target":["https:\/\/magdacesti.md\/?p=879"]}]},{"@type":"ImageObject","inLanguage":"en-US","@id":"https:\/\/magdacesti.md\/?p=879#primaryimage","url":"https:\/\/magdacesti.md\/wp-content\/uploads\/2016\/12\/DSC07996.jpg","contentUrl":"https:\/\/magdacesti.md\/wp-content\/uploads\/2016\/12\/DSC07996.jpg"},{"@type":"BreadcrumbList","@id":"https:\/\/magdacesti.md\/?p=879#breadcrumb","itemListElement":[{"@type":"ListItem","position":1,"name":"Home","item":"https:\/\/magdacesti.md\/"},{"@type":"ListItem","position":2,"name":"3 Decembrie-Ziua persoanelor cu dezabilitati"}]},{"@type":"WebSite","@id":"https:\/\/magdacesti.md\/#website","url":"https:\/\/magdacesti.md\/","name":"M\u0103gd\u0103ce\u0219ti","description":"Un or\u0103\u0219el cu condi\u021bii decente de trai!","publisher":{"@id":"https:\/\/magdacesti.md\/#organization"},"potentialAction":[{"@type":"SearchAction","target":{"@type":"EntryPoint","urlTemplate":"https:\/\/magdacesti.md\/?s={search_term_string}"},"query-input":"required name=search_term_string"}],"inLanguage":"en-US"},{"@type":"Organization","@id":"https:\/\/magdacesti.md\/#organization","name":"M\u0103gd\u0103ce\u0219ti","url":"https:\/\/magdacesti.md\/","logo":{"@type":"ImageObject","inLanguage":"en-US","@id":"https:\/\/magdacesti.md\/#\/schema\/logo\/image\/","url":"https:\/\/magdacesti.md\/wp-content\/uploads\/2021\/03\/Foto-514-scaled.jpg","contentUrl":"https:\/\/magdacesti.md\/wp-content\/uploads\/2021\/03\/Foto-514-scaled.jpg","width":2560,"height":1707,"caption":"M\u0103gd\u0103ce\u0219ti"},"image":{"@id":"https:\/\/magdacesti.md\/#\/schema\/logo\/image\/"},"sameAs":["https:\/\/www.facebook.com\/magdacesti.md\/"]},{"@type":"Person","@id":"https:\/\/magdacesti.md\/#\/schema\/person\/ee6a6d0a5f0b0cb676ac992c8e414842","name":"magdacesti","sameAs":["https:\/\/magdacesti.md"],"url":"https:\/\/magdacesti.md\/?author=1"}]}},"_links":{"self":[{"href":"https:\/\/magdacesti.md\/index.php?rest_route=\/wp\/v2\/posts\/879","targetHints":{"allow":["GET"]}}],"collection":[{"href":"https:\/\/magdacesti.md\/index.php?rest_route=\/wp\/v2\/posts"}],"about":[{"href":"https:\/\/magdacesti.md\/index.php?rest_route=\/wp\/v2\/types\/post"}],"author":[{"embeddable":true,"href":"https:\/\/magdacesti.md\/index.php?rest_route=\/wp\/v2\/users\/1"}],"replies":[{"embeddable":true,"href":"https:\/\/magdacesti.md\/index.php?rest_route=%2Fwp%2Fv2%2Fcomments&post=879"}],"version-history":[{"count":0,"href":"https:\/\/magdacesti.md\/index.php?rest_route=\/wp\/v2\/posts\/879\/revisions"}],"wp:attachment":[{"href":"https:\/\/magdacesti.md\/index.php?rest_route=%2Fwp%2Fv2%2Fmedia&parent=879"}],"wp:term":[{"taxonomy":"category","embeddable":true,"href":"https:\/\/magdacesti.md\/index.php?rest_route=%2Fwp%2Fv2%2Fcategories&post=879"},{"taxonomy":"post_tag","embeddable":true,"href":"https:\/\/magdacesti.md\/index.php?rest_route=%2Fwp%2Fv2%2Ftags&post=879"}],"curies":[{"name":"wp","href":"https:\/\/api.w.org\/{rel}","templated":true}]}}