{"id":935,"date":"2017-01-12T11:32:18","date_gmt":"2017-01-12T09:32:18","guid":{"rendered":"https:\/\/magdacesti.md\/?p=935"},"modified":"2017-01-12T11:32:18","modified_gmt":"2017-01-12T09:32:18","slug":"atentie-posturi-vacante","status":"publish","type":"post","link":"https:\/\/magdacesti.md\/?p=935","title":{"rendered":"Aten\u021bie! Posturi vacante!"},"content":{"rendered":"<div class=\"_39k2\">\n<div class=\"_2yud clearfix\">\n<div class=\"_ohe lfloat\"><\/div>\n<div class=\"\">\n<div class=\"_42ef _8u\">\n<div class=\"_3uhg\"><a class=\"_2yug\" href=\"https:\/\/www.facebook.com\/Primaria-M%C4%83gd%C4%83ce%C8%99ti-Criuleni-485124851658133\/\" target=\"_blank\" rel=\"noopener\">\u00a0\u00a0\u00a0\u00a0\u00a0\u00a0\u00a0\u00a0\u00a0\u00a0\u00a0\u00a0\u00a0\u00a0\u00a0\u00a0\u00a0\u00a0\u00a0\u00a0\u00a0\u00a0\u00a0\u00a0\u00a0\u00a0\u00a0\u00a0\u00a0\u00a0\u00a0\u00a0\u00a0\u00a0\u00a0\u00a0\u00a0\u00a0\u00a0\u00a0\u00a0\u00a0\u00a0\u00a0\u00a0\u00a0\u00a0\u00a0\u00a0\u00a0\u00a0\u00a0\u00a0\u00a0\u00a0\u00a0\u00a0\u00a0\u00a0\u00a0\u00a0\u00a0\u00a0\u00a0\u00a0\u00a0\u00a0\u00a0\u00a0\u00a0\u00a0\u00a0\u00a0\u00a0\u00a0\u00a0\u00a0\u00a0\u00a0\u00a0\u00a0\u00a0\u00a0\u00a0\u00a0\u00a0\u00a0\u00a0\u00a0\u00a0\u00a0\u00a0\u00a0\u00a0\u00a0\u00a0\u00a0\u00a0\u00a0\u00a0\u00a0\u00a0\u00a0\u00a0\u00a0\u00a0\u00a0\u00a0\u00a0\u00a0\u00a0\u00a0\u00a0\u00a0\u00a0\u00a0\u00a0\u00a0\u00a0\u00a0\u00a0\u00a0\u00a0\u00a0\u00a0\u00a0\u00a0\u00a0\u00a0\u00a0\u00a0\u00a0\u00a0\u00a0\u00a0\u00a0\u00a0\u00a0\u00a0\u00a0\u00a0 Primaria M\u0103gd\u0103ce\u0219ti, Criuleni<\/a><span class=\"_4_mg\">\u00b7<\/span><a class=\"uiLinkSubtle\" href=\"https:\/\/www.facebook.com\/notes\/primaria-m%C4%83gd%C4%83ce%C8%99ti-criuleni\/angaj%C4%83m\/487797144724237\">12 Ianuarie 2017<\/a><i class=\"lock img sp_-J_-HgF_hOz sx_b74f7f\"><\/i><\/div>\n<\/div>\n<\/div>\n<\/div>\n<\/div>\n<div class=\"_39k5 _5s6c\">\n<div>\n<div class=\"_2cuy _3dgx _2vxa\"><span class=\"_4yxo\">ATEN\u021aIE CONCURS!<\/span><\/div>\n<div class=\"_2cuy _3dgx _2vxa\"><\/div>\n<div class=\"_2cuy _3dgx _2vxa\">Prim\u0103ria M\u0103gd\u0103ce\u015fti anun\u0163\u0103 concurs pentru ocuparea func\u0163iei de <strong><span class=\"_4yxp\">director <\/span>al \u0218colii Sportive M\u0103gd\u0103ce\u015fti.<\/strong><\/div>\n<div class=\"_2cuy _3dgx _2vxa\"><\/div>\n<div class=\"_2cuy _3dgx _2vxa\">La concurs pot participa cet\u0103\u0163eni ai Republicii Moldova, cu studii superioare universitare, care au o vechime de munc\u0103 \u00een activitatea didactic\u0103 de cel pu\u0163in doi ani, la data expir\u0103rii termenului de depunere a dosarelor nu au \u00eemplinit v\u00eersta de 65 ani, cunosc limba rom\u00e2n\u0103, nu au antecedente penale.<\/div>\n<div class=\"_2cuy _3dgx _2vxa\">Candida\u0163ii pentru ocuparea func\u0163iei de conduc\u0103tor al institu\u0163iei de \u00eenv\u0103\u0163\u0103m\u00eent general depun personal sau prin reprezentant secretarului prim\u0103riei M\u0103gd\u0103ce\u0219ti, , \u00een termen de 30 de zile calendaristice din ziua public\u0103rii anun\u0163ului, dosarul de concurs, care cuprinde obligatoriu urm\u0103toarele acte:<\/div>\n<div class=\"_2cuy _3dgx _2vxa\">1.Cererea de participare la concurs, al c\u0103rei model este specificat \u00een anexa nr. 1<\/div>\n<div class=\"_2cuy _3dgx _2vxa\">la Regulament;<\/div>\n<div class=\"_2cuy _3dgx _2vxa\">2. Copia actului de identitate;<\/div>\n<div class=\"_2cuy _3dgx _2vxa\">3. Copia\/copiile actului\/actelor de studii autentificate;<\/div>\n<div class=\"_2cuy _3dgx _2vxa\">4. Copia\/copiile actului\/actelor autentificate ce confirm\u0103 gradul didactic\/managerial \u015fi\/sau titlul \u015ftiin\u0163ific\/\u015ftiin\u0163ifico-didactic;<\/div>\n<div class=\"_2cuy _3dgx _2vxa\">5. Copiile actelor care atest\u0103 formarea profesional\u0103 continu\u0103, performan\u0163ele profesionale si manageriale demonstrate \u00een cadrul concursurilor locale\/na\u0163ionale\/interna\u0163ionale, statutul de expert\/evaluator na\u0163ional\/interna\u0163ional.<\/div>\n<div class=\"_2cuy _3dgx _2vxa\">6. Lista publica\u0163iilor didactice \u015fi \u015ftiin\u0163ifice;<\/div>\n<div class=\"_2cuy _3dgx _2vxa\">7. Copia carnetului de munc\u0103 autentificat;<\/div>\n<div class=\"_2cuy _3dgx _2vxa\">8. Curriculum vitae de model Europass, specificat \u00een anexa 2 la Regulament<\/div>\n<div class=\"_2cuy _3dgx _2vxa\">9. Certificatul medical care atest\u0103 faptul c\u0103 persoana este apt\u0103 din punct de vedere medical, fizic \u015fi neuropsihic, pentru exercitarea func\u0163iei;<\/div>\n<div class=\"_2cuy _3dgx _2vxa\">10.Cazierul judiciar sau declara\u0163ia pe propria r\u0103spundere;<\/div>\n<div class=\"_2cuy _3dgx _2vxa\">11.Proiectul planului de dezvoltare a institu\u0163iei pentru 5 ani;<\/div>\n<div class=\"_2cuy _3dgx _2vxa\">12. Lista actelor depuse, cu paginile numerotate, \u00een 2 exemplare.<\/div>\n<div class=\"_2cuy _3dgx _2vxa\">Actele vor fi depuse la Secretaul Consiliului s\u0103tesc M\u0103gd\u0103ce\u015fti,<\/div>\n<div class=\"_2cuy _3dgx _2vxa\">Telefon de contact: 0 248 34238,<\/div>\n<\/div>\n<div class=\"_2cuy _3dgx _2vxa\"><\/div>\n<div class=\"_2cuy _3dgx _2vxa\">\n<p><strong>Bibliografia concursului<\/strong><strong>DOCUMENTE GENERALE<\/strong><\/p>\n<\/div>\n<\/div>\n<div class=\"_2cuy _3dgx _2vxa\">\n<ul>\n<li>Constitu\u0163ia Republicii Moldova din 29.07.1994 ( Monitorul Oficial al Republicii Moldova nr.1 din 18.08.1994);<\/li>\n<li>Legea privind accesul la informa\u0163ie nr.982 \u2013 XIV din 11.05.2000 (Monitorul Oficial al Republicii Moldova nr. 88-90\/664 din 28.07.2000<\/li>\n<li>Legea cu privire la peti\u0163ionare nr. 190 din 19.07.1994 (Monitorul Oficial al Republicii Moldova nr. 6-8 din 24.01.03)<\/li>\n<li>Codul muncii al Republicii Moldova, 2003 Nr. 159-162. Publicat : 29.07.2003 \u00een Monitorul Oficial<\/li>\n<li>Strategia de dezvoltare a educa\u021biei pentru anii 2014 \u2013 2020 Educa\u021bia 2020, aprobat\u0103 prin Hot\u0103r\u00eerea Guvernului nr. 944 din 14 noiembrie 2014<\/li>\n<li>Codul educa\u021biei al Republicii Moldova nr. 152 din 17 iulie 2014 Monitorul Oficial al Republicii Moldova nr. 319-324 din 24 octombrie 2015, www.justice.md<\/li>\n<\/ul>\n<p><strong>MANAGEMENTUL INSTITU<\/strong><strong>\u021a<\/strong><strong>IILOR <\/strong><\/p>\n<ul>\n<li>Regulamentul \u2013 tip al institu\u021biei de \u00eenv\u0103\u021b\u0103m\u00eent secundar general, aprobat prin ordinul nr. 547 din 13 august 2007.<\/li>\n<li>Regulamentul institu\u021biei de \u00eenv\u0103\u021b\u0103m\u00eent pre\u0219colar, aprobat prin ordinul Ministerului Educa\u021biei nr. 04 din 04 ianuarie 2011<\/li>\n<li>Regulamentul privind evaluarea rezultatelor \u00eenv\u0103\u021b\u0103rii, promovarea, absolvirea \u0219i transferul elevilor \u00een \u00eenv\u0103\u021b\u0103m\u00eentul primar, gimnazial \u0219i liceal, aprobate prin ordinul Ministerului Educa\u021biei nr. 718 din 24 iulie 2012<\/li>\n<li>Regulamentul de atestare a cadrelor didactice, aprobate prin ordinul Ministerului Educa\u021biei nr. 336 din 03.05.2013<\/li>\n<\/ul>\n<p>\u00b7 Standardele de calitate pentru institu\u021biile de \u00eenv\u0103\u021b\u0103m\u00eent primar \u0219i secundar general din perspectivele \u0219coliiprietenoase copilului, aprobate prin ordinul Ministerului Educa\u021biei nr. 970 din 11 octombrie 2013<\/p>\n<ul>\n<li>Regulamentul de organizare \u0219i func\u021bionare a claselor \u0219i grupelor cu regim prelungit, aprobat prin ordinul Ministerului Educa\u021biei nr. 798 din 11 iulie 2014<\/li>\n<li>Regulamentul de admitere \u00een \u00eenv\u0103\u021b\u0103m\u00eentul liceal, aprobat prin ordinul Ministerului Educa\u021biei nr. 799 din 11 iulie 2014.<\/li>\n<li>Regulamentul \u2013 cadru de organizare \u0219i func\u021bionare a consiliului de administra\u021bie din unit\u0103\u021bile de \u00eenv\u0103\u021b\u0103m\u00eent general, aprobat prin ordinul Ministerului Educa\u021biei nr. 77 din 20 februarie 2015<\/li>\n<li>Instruc\u021biunea de organizare a \u00eenv\u0103\u021b\u0103m\u00eentului la domiciliu, aprobat\u0103 prin ordinul Ministerului Educa\u021biei nr. 98 din 26 februarie 2015.<\/li>\n<li>Metodologia de \u00eenscriere a copiilor \u00een clasa I, aprobat\u0103 prin ordinul Ministerului Educa\u021biei nr. 202 din 19 aprilie 2015.<\/li>\n<li>Instruc\u021biunea \u0219i Planul de ac\u021biuni privind prevenirea \u0219i combaterea abandonului \u0219colar \u0219i absenteismului \u0219colar \u00een \u00eenv\u0103\u021b\u0103m\u00eentul general, aprobate prin ordinul Ministerului Educa\u021biei nr. 559 din 12 iunie 2015.<\/li>\n<li>PLANUL \u2013 cadru pentru \u00eenv\u0103\u021b\u0103m\u00eentul primar, gimnazial \u0219i liceal, anul de studii 2015 \u2013 2016.<\/li>\n<\/ul>\n<p><strong>PREVENIREA <\/strong><strong>\u0218<\/strong><strong>I COMBATEREA VIOLEN<\/strong><strong>\u021a<\/strong><strong>EI<\/strong><\/p>\n<ul>\n<li>Conven\u0163ia ONU cu privire la protec\u0163ia drepturilor copilului din 20.11.89<\/li>\n<li>Procedura de organizare institu\u021bional\u0103 \u0219i de interven\u021bie a lucr\u0103torilor institu\u021biilor de \u00eenv\u0103\u021b\u0103m\u00eent \u00een cazurile de abuz, neglijare, exploatare, trafic al copilului, aprobat\u0103 prin ordinul Ministerului Educa\u021biei nr. 77 din 22 februarie 2013<\/li>\n<li>Legea nr. 140 din 14.06.2013 privind protec\u021bia special\u0103 a copiilor \u00een situa\u021bii de risc \u0219i a copiilor separa\u021bi de p\u0103rin\u021bi<\/li>\n<\/ul>\n<p><strong>FINAN<\/strong><strong>\u021a<\/strong><strong>ARE <\/strong><\/p>\n<ul>\n<li>Hot\u0103r\u00eerea Guvernului Republicii Moldova nr. 381 din 13.04.2006 \u201eCu privire la condi\u0163iile de salarizare a personalului din unit\u0103\u0163ile bugetare\u201d<\/li>\n<\/ul>\n<p>\u00b7 Hot\u0103r\u00eerea Guvernului nr. 868 din 08 octombrie 2014 privind finan\u021barea \u00een baz\u0103 de cost per elev a institu\u021biilorde \u00eenv\u0103\u021b\u0103m\u00eent primar \u0219i secundar general din subordinea autorit\u0103\u021bilor publice locale de nivelul al doilea.<\/p>\n<\/div>\n<hr \/>\n<p>&nbsp;<\/p>\n<p>Prim\u0103ria\u00a0 M\u0103gd\u0103ce\u015fti\u00a0 Raionul\u00a0 Criuleni\u00a0 anun\u0163\u0103 concurs pentru ocuparea\u00a0 func\u0163iei vacante de <strong>contabil \u015fef\u00a0 \u00een cadrul prim\u0103riei.<\/strong><\/p>\n<p><strong>Cerin\u0163e\u00a0 generale fa\u0163\u0103 de candida\u0163i :<\/strong><\/p>\n<p>1.Cet\u0103\u0163ean al Republicii Moldova ,<\/p>\n<p>2.Cunoa\u015fterea limbii de stat \u015fi a limbii ruse,<\/p>\n<p>3.Posedarea\u00a0 calculatorului (WORD,EXEL,SIA privind \u0163inerea\u00a0 eviden\u0163ei contabile\u00a0 \u015fi planufic\u0103rii \u00een sistemul\u00a0 bugetar, Internet),<\/p>\n<p>4. Experien\u0163a\u00a0 \u00een domeniul respectiv este\u00a0 o prioritate<\/p>\n<p>5.F\u0103r\u0103 antecedente penale<\/p>\n<p>6. Apt de munc\u0103,din punct de\u00a0 vedere medical<\/p>\n<p>7. Aptitudini de organizare, de elaborare a documentelor, de analiz\u0103 \u015fi sintez\u0103, de comunicare , de planificare\u00a0 \u015fi implimentare a activit\u0103\u0163ilor \u015fi deciziilor \u00een domeniu(organizarea, coordonarea, monitorizarea, evaluare \u015fi control ),<\/p>\n<p>8. Atitudini:respect fa\u0163\u0103 de oameni, profesionalism, responsabilitate, corectitudine, impar\u0163ialitate,disciplin\u0103, tendin\u0163\u0103 de perfec\u0163ionare\u00a0 profesional\u0103 continu\u0103.<\/p>\n<p><strong>Cerin\u0163e speciale :<\/strong><\/p>\n<p>-studii superioare \u00een domeniul contabilit\u0103\u0163ii,finan\u0163elor, economic;<\/p>\n<p>-competen\u0163e manageriale de administrare \u015fi gestionare a resurselor financiare; resurselor materiale;<\/p>\n<p>-cuno\u015ftin\u0163a legisla\u0163iei \u00een vigoare \u00een domeniu;<\/p>\n<p><strong>Candida\u0163ii vor prezenta urm\u0103toarele acte :<\/strong><\/p>\n<p>-CV;<\/p>\n<p>-formularul de participare ;<\/p>\n<p>-originalul\/copia buletinului de identitate ;<\/p>\n<p>-originalul\/copia, diplomei de studii superioare ;<\/p>\n<p>-originalul\/copia carnetului de munc\u0103 ;<\/p>\n<p>-certificatul medical ;<\/p>\n<p>-cazierul judiciar ;<\/p>\n<p>Actele se prezint\u0103 \u00een termen de la 16 ianuarie 2017 p\u00een\u0103 la 10 februarie\u00a0\u00a0 2017 pe adresa -satul M\u0103gd\u0103ce\u015fti ,str. Mihai Eminescu nr.14.<\/p>\n<p>Pentru\u00a0 rela\u0163ii suplimentare<\/p>\n<p>tel.024834236;024834238;<\/p>\n<p>Candida\u0163ii la concurs vor sus\u0163ine o prob\u0103 scris\u0103 \u015fi interviu.<\/p>\n<p><strong>Bibliofrafia <\/strong>:<\/p>\n<p>-Legea nr. 158 din 04.07.2008 cu privire\u00a0 la func\u0163ia public\u0103 \u015fi statutul func\u0163ionarului public ;<\/p>\n<p>-Legea contabilit\u0103\u0163ii\u00a0 nr.113-113-XVI din 27.04.2007<\/p>\n<p>-Legea privind sistemul bugetar \u015fi procesul bugetar, nr.847-XII din 24.05.1996;<\/p>\n<p>-Legea privind finan\u0163ele publice locale\u00a0 nr. 397 din 16.10.2003;<\/p>\n<p>Instruc\u0163iunea\u00a0 cu privire la eviden\u0163a\u00a0 contabil\u0103 \u00een institu\u0163iile publice, aprobat\u0103 prin Ordinul Ministerului Finan\u0163elor nr. 93 din 19.07.2010\u201d<\/p>\n<p>&nbsp;<\/p>\n<div class=\"_2cuy _3dgx _2vxa\">\n<p>&nbsp;<\/p>\n<p><strong>\u00a0<\/strong><\/p>\n<p><strong>\u00a0<\/strong><\/p>\n<\/div>\n","protected":false},"excerpt":{"rendered":"<p>\u00a0\u00a0\u00a0\u00a0\u00a0\u00a0\u00a0\u00a0\u00a0\u00a0\u00a0\u00a0\u00a0\u00a0\u00a0\u00a0\u00a0\u00a0\u00a0\u00a0\u00a0\u00a0\u00a0\u00a0\u00a0\u00a0\u00a0\u00a0\u00a0\u00a0\u00a0\u00a0\u00a0\u00a0\u00a0\u00a0\u00a0\u00a0\u00a0\u00a0\u00a0\u00a0\u00a0\u00a0\u00a0\u00a0\u00a0\u00a0\u00a0\u00a0\u00a0\u00a0\u00a0\u00a0\u00a0\u00a0\u00a0\u00a0\u00a0\u00a0\u00a0\u00a0\u00a0\u00a0\u00a0\u00a0\u00a0\u00a0\u00a0\u00a0\u00a0\u00a0\u00a0\u00a0\u00a0\u00a0\u00a0\u00a0\u00a0\u00a0\u00a0\u00a0\u00a0\u00a0\u00a0\u00a0\u00a0\u00a0\u00a0\u00a0\u00a0\u00a0\u00a0\u00a0\u00a0\u00a0\u00a0\u00a0\u00a0\u00a0\u00a0\u00a0\u00a0\u00a0\u00a0\u00a0\u00a0\u00a0\u00a0\u00a0\u00a0\u00a0\u00a0\u00a0\u00a0\u00a0\u00a0\u00a0\u00a0\u00a0\u00a0\u00a0\u00a0\u00a0\u00a0\u00a0\u00a0\u00a0\u00a0\u00a0\u00a0\u00a0\u00a0\u00a0\u00a0\u00a0\u00a0\u00a0\u00a0\u00a0\u00a0 Primaria M\u0103gd\u0103ce\u0219ti, Criuleni\u00b712 Ianuarie 2017 ATEN\u021aIE CONCURS! Prim\u0103ria M\u0103gd\u0103ce\u015fti anun\u0163\u0103 concurs pentru ocuparea func\u0163iei de director al \u0218colii Sportive M\u0103gd\u0103ce\u015fti. La concurs pot participa cet\u0103\u0163eni ai Republicii Moldova, cu studii superioare universitare, care au o vechime de munc\u0103 \u00een activitatea didactic\u0103 de cel pu\u0163in doi ani, la data expir\u0103rii termenului de depunere a dosarelor [&#8230;]\n","protected":false},"author":1,"featured_media":0,"comment_status":"closed","ping_status":"closed","sticky":false,"template":"","format":"standard","meta":{"ngg_post_thumbnail":0,"footnotes":""},"categories":[4],"tags":[],"class_list":["post-935","post","type-post","status-publish","format-standard","hentry","category-stiri"],"yoast_head":"<!-- This site is optimized with the Yoast SEO plugin v23.3 - https:\/\/yoast.com\/wordpress\/plugins\/seo\/ -->\n<title>Aten\u021bie! Posturi vacante! - M\u0103gd\u0103ce\u0219ti<\/title>\n<meta name=\"description\" content=\"Bine ati venit pe pagina oficiala a Primariei Magdacesti.\" \/>\n<meta name=\"robots\" content=\"index, follow, max-snippet:-1, max-image-preview:large, max-video-preview:-1\" \/>\n<link rel=\"canonical\" href=\"https:\/\/magdacesti.md\/?p=935\" \/>\n<meta property=\"og:locale\" content=\"en_US\" \/>\n<meta property=\"og:type\" content=\"article\" \/>\n<meta property=\"og:title\" content=\"Aten\u021bie! Posturi vacante! - M\u0103gd\u0103ce\u0219ti\" \/>\n<meta property=\"og:description\" content=\"Bine ati venit pe pagina oficiala a Primariei Magdacesti.\" \/>\n<meta property=\"og:url\" content=\"https:\/\/magdacesti.md\/?p=935\" \/>\n<meta property=\"og:site_name\" content=\"M\u0103gd\u0103ce\u0219ti\" \/>\n<meta property=\"article:publisher\" content=\"https:\/\/www.facebook.com\/magdacesti.md\/\" \/>\n<meta property=\"article:published_time\" content=\"2017-01-12T09:32:18+00:00\" \/>\n<meta property=\"og:image\" content=\"https:\/\/magdacesti.md\/wp-content\/uploads\/2021\/03\/Foto-514-edit-scaled.jpg\" \/>\n\t<meta property=\"og:image:width\" content=\"2560\" \/>\n\t<meta property=\"og:image:height\" content=\"1707\" \/>\n\t<meta property=\"og:image:type\" content=\"image\/jpeg\" \/>\n<meta name=\"author\" content=\"magdacesti\" \/>\n<meta name=\"twitter:card\" content=\"summary_large_image\" \/>\n<meta name=\"twitter:label1\" content=\"Written by\" \/>\n\t<meta name=\"twitter:data1\" content=\"magdacesti\" \/>\n\t<meta name=\"twitter:label2\" content=\"Est. reading time\" \/>\n\t<meta name=\"twitter:data2\" content=\"5 minutes\" \/>\n<script type=\"application\/ld+json\" class=\"yoast-schema-graph\">{\"@context\":\"https:\/\/schema.org\",\"@graph\":[{\"@type\":\"Article\",\"@id\":\"https:\/\/magdacesti.md\/?p=935#article\",\"isPartOf\":{\"@id\":\"https:\/\/magdacesti.md\/?p=935\"},\"author\":{\"name\":\"magdacesti\",\"@id\":\"https:\/\/magdacesti.md\/#\/schema\/person\/ee6a6d0a5f0b0cb676ac992c8e414842\"},\"headline\":\"Aten\u021bie! Posturi vacante!\",\"datePublished\":\"2017-01-12T09:32:18+00:00\",\"dateModified\":\"2017-01-12T09:32:18+00:00\",\"mainEntityOfPage\":{\"@id\":\"https:\/\/magdacesti.md\/?p=935\"},\"wordCount\":1077,\"publisher\":{\"@id\":\"https:\/\/magdacesti.md\/#organization\"},\"articleSection\":[\"Stiri\"],\"inLanguage\":\"en-US\"},{\"@type\":\"WebPage\",\"@id\":\"https:\/\/magdacesti.md\/?p=935\",\"url\":\"https:\/\/magdacesti.md\/?p=935\",\"name\":\"Aten\u021bie! Posturi vacante! - M\u0103gd\u0103ce\u0219ti\",\"isPartOf\":{\"@id\":\"https:\/\/magdacesti.md\/#website\"},\"datePublished\":\"2017-01-12T09:32:18+00:00\",\"dateModified\":\"2017-01-12T09:32:18+00:00\",\"description\":\"Bine ati venit pe pagina oficiala a Primariei Magdacesti.\",\"breadcrumb\":{\"@id\":\"https:\/\/magdacesti.md\/?p=935#breadcrumb\"},\"inLanguage\":\"en-US\",\"potentialAction\":[{\"@type\":\"ReadAction\",\"target\":[\"https:\/\/magdacesti.md\/?p=935\"]}]},{\"@type\":\"BreadcrumbList\",\"@id\":\"https:\/\/magdacesti.md\/?p=935#breadcrumb\",\"itemListElement\":[{\"@type\":\"ListItem\",\"position\":1,\"name\":\"Home\",\"item\":\"https:\/\/magdacesti.md\/\"},{\"@type\":\"ListItem\",\"position\":2,\"name\":\"Aten\u021bie! Posturi vacante!\"}]},{\"@type\":\"WebSite\",\"@id\":\"https:\/\/magdacesti.md\/#website\",\"url\":\"https:\/\/magdacesti.md\/\",\"name\":\"M\u0103gd\u0103ce\u0219ti\",\"description\":\"Un or\u0103\u0219el cu condi\u021bii decente de trai!\",\"publisher\":{\"@id\":\"https:\/\/magdacesti.md\/#organization\"},\"potentialAction\":[{\"@type\":\"SearchAction\",\"target\":{\"@type\":\"EntryPoint\",\"urlTemplate\":\"https:\/\/magdacesti.md\/?s={search_term_string}\"},\"query-input\":\"required name=search_term_string\"}],\"inLanguage\":\"en-US\"},{\"@type\":\"Organization\",\"@id\":\"https:\/\/magdacesti.md\/#organization\",\"name\":\"M\u0103gd\u0103ce\u0219ti\",\"url\":\"https:\/\/magdacesti.md\/\",\"logo\":{\"@type\":\"ImageObject\",\"inLanguage\":\"en-US\",\"@id\":\"https:\/\/magdacesti.md\/#\/schema\/logo\/image\/\",\"url\":\"https:\/\/magdacesti.md\/wp-content\/uploads\/2021\/03\/Foto-514-scaled.jpg\",\"contentUrl\":\"https:\/\/magdacesti.md\/wp-content\/uploads\/2021\/03\/Foto-514-scaled.jpg\",\"width\":2560,\"height\":1707,\"caption\":\"M\u0103gd\u0103ce\u0219ti\"},\"image\":{\"@id\":\"https:\/\/magdacesti.md\/#\/schema\/logo\/image\/\"},\"sameAs\":[\"https:\/\/www.facebook.com\/magdacesti.md\/\"]},{\"@type\":\"Person\",\"@id\":\"https:\/\/magdacesti.md\/#\/schema\/person\/ee6a6d0a5f0b0cb676ac992c8e414842\",\"name\":\"magdacesti\",\"sameAs\":[\"https:\/\/magdacesti.md\"],\"url\":\"https:\/\/magdacesti.md\/?author=1\"}]}<\/script>\n<!-- \/ Yoast SEO plugin. -->","yoast_head_json":{"title":"Aten\u021bie! Posturi vacante! - M\u0103gd\u0103ce\u0219ti","description":"Bine ati venit pe pagina oficiala a Primariei Magdacesti.","robots":{"index":"index","follow":"follow","max-snippet":"max-snippet:-1","max-image-preview":"max-image-preview:large","max-video-preview":"max-video-preview:-1"},"canonical":"https:\/\/magdacesti.md\/?p=935","og_locale":"en_US","og_type":"article","og_title":"Aten\u021bie! Posturi vacante! - M\u0103gd\u0103ce\u0219ti","og_description":"Bine ati venit pe pagina oficiala a Primariei Magdacesti.","og_url":"https:\/\/magdacesti.md\/?p=935","og_site_name":"M\u0103gd\u0103ce\u0219ti","article_publisher":"https:\/\/www.facebook.com\/magdacesti.md\/","article_published_time":"2017-01-12T09:32:18+00:00","og_image":[{"width":2560,"height":1707,"url":"https:\/\/magdacesti.md\/wp-content\/uploads\/2021\/03\/Foto-514-edit-scaled.jpg","type":"image\/jpeg"}],"author":"magdacesti","twitter_card":"summary_large_image","twitter_misc":{"Written by":"magdacesti","Est. reading time":"5 minutes"},"schema":{"@context":"https:\/\/schema.org","@graph":[{"@type":"Article","@id":"https:\/\/magdacesti.md\/?p=935#article","isPartOf":{"@id":"https:\/\/magdacesti.md\/?p=935"},"author":{"name":"magdacesti","@id":"https:\/\/magdacesti.md\/#\/schema\/person\/ee6a6d0a5f0b0cb676ac992c8e414842"},"headline":"Aten\u021bie! Posturi vacante!","datePublished":"2017-01-12T09:32:18+00:00","dateModified":"2017-01-12T09:32:18+00:00","mainEntityOfPage":{"@id":"https:\/\/magdacesti.md\/?p=935"},"wordCount":1077,"publisher":{"@id":"https:\/\/magdacesti.md\/#organization"},"articleSection":["Stiri"],"inLanguage":"en-US"},{"@type":"WebPage","@id":"https:\/\/magdacesti.md\/?p=935","url":"https:\/\/magdacesti.md\/?p=935","name":"Aten\u021bie! Posturi vacante! - M\u0103gd\u0103ce\u0219ti","isPartOf":{"@id":"https:\/\/magdacesti.md\/#website"},"datePublished":"2017-01-12T09:32:18+00:00","dateModified":"2017-01-12T09:32:18+00:00","description":"Bine ati venit pe pagina oficiala a Primariei Magdacesti.","breadcrumb":{"@id":"https:\/\/magdacesti.md\/?p=935#breadcrumb"},"inLanguage":"en-US","potentialAction":[{"@type":"ReadAction","target":["https:\/\/magdacesti.md\/?p=935"]}]},{"@type":"BreadcrumbList","@id":"https:\/\/magdacesti.md\/?p=935#breadcrumb","itemListElement":[{"@type":"ListItem","position":1,"name":"Home","item":"https:\/\/magdacesti.md\/"},{"@type":"ListItem","position":2,"name":"Aten\u021bie! Posturi vacante!"}]},{"@type":"WebSite","@id":"https:\/\/magdacesti.md\/#website","url":"https:\/\/magdacesti.md\/","name":"M\u0103gd\u0103ce\u0219ti","description":"Un or\u0103\u0219el cu condi\u021bii decente de trai!","publisher":{"@id":"https:\/\/magdacesti.md\/#organization"},"potentialAction":[{"@type":"SearchAction","target":{"@type":"EntryPoint","urlTemplate":"https:\/\/magdacesti.md\/?s={search_term_string}"},"query-input":"required name=search_term_string"}],"inLanguage":"en-US"},{"@type":"Organization","@id":"https:\/\/magdacesti.md\/#organization","name":"M\u0103gd\u0103ce\u0219ti","url":"https:\/\/magdacesti.md\/","logo":{"@type":"ImageObject","inLanguage":"en-US","@id":"https:\/\/magdacesti.md\/#\/schema\/logo\/image\/","url":"https:\/\/magdacesti.md\/wp-content\/uploads\/2021\/03\/Foto-514-scaled.jpg","contentUrl":"https:\/\/magdacesti.md\/wp-content\/uploads\/2021\/03\/Foto-514-scaled.jpg","width":2560,"height":1707,"caption":"M\u0103gd\u0103ce\u0219ti"},"image":{"@id":"https:\/\/magdacesti.md\/#\/schema\/logo\/image\/"},"sameAs":["https:\/\/www.facebook.com\/magdacesti.md\/"]},{"@type":"Person","@id":"https:\/\/magdacesti.md\/#\/schema\/person\/ee6a6d0a5f0b0cb676ac992c8e414842","name":"magdacesti","sameAs":["https:\/\/magdacesti.md"],"url":"https:\/\/magdacesti.md\/?author=1"}]}},"_links":{"self":[{"href":"https:\/\/magdacesti.md\/index.php?rest_route=\/wp\/v2\/posts\/935","targetHints":{"allow":["GET"]}}],"collection":[{"href":"https:\/\/magdacesti.md\/index.php?rest_route=\/wp\/v2\/posts"}],"about":[{"href":"https:\/\/magdacesti.md\/index.php?rest_route=\/wp\/v2\/types\/post"}],"author":[{"embeddable":true,"href":"https:\/\/magdacesti.md\/index.php?rest_route=\/wp\/v2\/users\/1"}],"replies":[{"embeddable":true,"href":"https:\/\/magdacesti.md\/index.php?rest_route=%2Fwp%2Fv2%2Fcomments&post=935"}],"version-history":[{"count":0,"href":"https:\/\/magdacesti.md\/index.php?rest_route=\/wp\/v2\/posts\/935\/revisions"}],"wp:attachment":[{"href":"https:\/\/magdacesti.md\/index.php?rest_route=%2Fwp%2Fv2%2Fmedia&parent=935"}],"wp:term":[{"taxonomy":"category","embeddable":true,"href":"https:\/\/magdacesti.md\/index.php?rest_route=%2Fwp%2Fv2%2Fcategories&post=935"},{"taxonomy":"post_tag","embeddable":true,"href":"https:\/\/magdacesti.md\/index.php?rest_route=%2Fwp%2Fv2%2Ftags&post=935"}],"curies":[{"name":"wp","href":"https:\/\/api.w.org\/{rel}","templated":true}]}}