{"id":983,"date":"2017-01-18T15:49:46","date_gmt":"2017-01-18T13:49:46","guid":{"rendered":"https:\/\/magdacesti.md\/?p=983"},"modified":"2017-01-18T15:49:46","modified_gmt":"2017-01-18T13:49:46","slug":"aveti-grija-de-animalele-voastre-de-companie","status":"publish","type":"post","link":"https:\/\/magdacesti.md\/?p=983","title":{"rendered":"Ave\u021bi grij\u0103 de animalele voastre de companie!"},"content":{"rendered":"<p><a href=\"https:\/\/magdacesti.md\/wp-content\/uploads\/2017\/01\/image-2013-09-9-15546568-70-caini-comunitari.jpg\"><img loading=\"lazy\" decoding=\"async\" class=\"alignleft wp-image-984\" style=\"border: 0pt none; float: left; padding-right: 10px; padding-bottom: 5px;\" src=\"https:\/\/magdacesti.md\/wp-content\/uploads\/2017\/01\/image-2013-09-9-15546568-70-caini-comunitari.jpg\" width=\"420\" height=\"282\" \/><\/a> Aten\u021bie, stima\u021bi s\u0103teni!<\/p>\n<p>Ne adres\u0103m cu rug\u0103minte c\u0103tre to\u021bi de\u021bin\u0103torii animalelor de companie, \u00een special celor care de\u021bin c\u00e2ini \u00een curte.<\/p>\n<p>La prim\u0103rie au parvenit numeroase &#8220;pl\u00e2ngeri&#8221; din partea cet\u0103\u021benilor, pe cei, care \u00ee\u0219i las\u0103 c\u00e2inii liberi nesupraveghea\u021bi pe drumurile publice.<\/p>\n<p>V\u0103 aten\u021bion\u0103m c\u0103 \u00een localitatea noastr\u0103 au fost ataca\u021bi\u00a0 de c\u00e2inii care vagabondeaz\u0103 pe drumuri, adul\u021bi, c\u00e2t \u0219i copii.\u00a0 Autorit\u0103\u021bile locale vor reglementa anumite reguli, pentru a solu\u021biona aceast\u0103 problem\u0103.<\/p>\n<p>Cei care le vor \u00eenc\u0103lca, vor fi pedepsi\u021bi cu amenzi ustur\u0103toare.<\/p>\n<p>V\u0103 rug\u0103m s\u0103 \u021bine\u021bi c\u00eeinii \u00een curtea dumneavoastr\u0103, \u00een spa\u021bii special amenajate. care nu permit ie\u0219irea acestora \u00een locurile publice.<\/p>\n<p>&nbsp;<\/p>\n","protected":false},"excerpt":{"rendered":"<p>Aten\u021bie, stima\u021bi s\u0103teni! Ne adres\u0103m cu rug\u0103minte c\u0103tre to\u021bi de\u021bin\u0103torii animalelor de companie, \u00een special celor care de\u021bin c\u00e2ini \u00een curte. La prim\u0103rie au parvenit numeroase &#8220;pl\u00e2ngeri&#8221; din partea cet\u0103\u021benilor, pe cei, care \u00ee\u0219i las\u0103 c\u00e2inii liberi nesupraveghea\u021bi pe drumurile publice. V\u0103 aten\u021bion\u0103m c\u0103 \u00een localitatea noastr\u0103 au fost ataca\u021bi\u00a0 de c\u00e2inii care vagabondeaz\u0103 pe [&#8230;]\n","protected":false},"author":1,"featured_media":0,"comment_status":"closed","ping_status":"closed","sticky":false,"template":"","format":"standard","meta":{"ngg_post_thumbnail":0,"footnotes":""},"categories":[4],"tags":[],"class_list":["post-983","post","type-post","status-publish","format-standard","hentry","category-stiri"],"yoast_head":"<!-- This site is optimized with the Yoast SEO plugin v23.3 - https:\/\/yoast.com\/wordpress\/plugins\/seo\/ -->\n<title>Ave\u021bi grij\u0103 de animalele voastre de companie! - M\u0103gd\u0103ce\u0219ti<\/title>\n<meta name=\"description\" content=\"Bine ati venit pe pagina oficiala a Primariei Magdacesti.\" \/>\n<meta name=\"robots\" content=\"index, follow, max-snippet:-1, max-image-preview:large, max-video-preview:-1\" \/>\n<link rel=\"canonical\" href=\"https:\/\/magdacesti.md\/?p=983\" \/>\n<meta property=\"og:locale\" content=\"en_US\" \/>\n<meta property=\"og:type\" content=\"article\" \/>\n<meta property=\"og:title\" content=\"Ave\u021bi grij\u0103 de animalele voastre de companie! - M\u0103gd\u0103ce\u0219ti\" \/>\n<meta property=\"og:description\" content=\"Bine ati venit pe pagina oficiala a Primariei Magdacesti.\" \/>\n<meta property=\"og:url\" content=\"https:\/\/magdacesti.md\/?p=983\" \/>\n<meta property=\"og:site_name\" content=\"M\u0103gd\u0103ce\u0219ti\" \/>\n<meta property=\"article:publisher\" content=\"https:\/\/www.facebook.com\/magdacesti.md\/\" \/>\n<meta property=\"article:published_time\" content=\"2017-01-18T13:49:46+00:00\" \/>\n<meta property=\"og:image\" content=\"https:\/\/magdacesti.md\/wp-content\/uploads\/2017\/01\/image-2013-09-9-15546568-70-caini-comunitari.jpg\" \/>\n<meta name=\"author\" content=\"magdacesti\" \/>\n<meta name=\"twitter:card\" content=\"summary_large_image\" \/>\n<meta name=\"twitter:label1\" content=\"Written by\" \/>\n\t<meta name=\"twitter:data1\" content=\"magdacesti\" \/>\n\t<meta name=\"twitter:label2\" content=\"Est. reading time\" \/>\n\t<meta name=\"twitter:data2\" content=\"1 minute\" \/>\n<script type=\"application\/ld+json\" class=\"yoast-schema-graph\">{\"@context\":\"https:\/\/schema.org\",\"@graph\":[{\"@type\":\"Article\",\"@id\":\"https:\/\/magdacesti.md\/?p=983#article\",\"isPartOf\":{\"@id\":\"https:\/\/magdacesti.md\/?p=983\"},\"author\":{\"name\":\"magdacesti\",\"@id\":\"https:\/\/magdacesti.md\/#\/schema\/person\/ee6a6d0a5f0b0cb676ac992c8e414842\"},\"headline\":\"Ave\u021bi grij\u0103 de animalele voastre de companie!\",\"datePublished\":\"2017-01-18T13:49:46+00:00\",\"dateModified\":\"2017-01-18T13:49:46+00:00\",\"mainEntityOfPage\":{\"@id\":\"https:\/\/magdacesti.md\/?p=983\"},\"wordCount\":143,\"publisher\":{\"@id\":\"https:\/\/magdacesti.md\/#organization\"},\"image\":{\"@id\":\"https:\/\/magdacesti.md\/?p=983#primaryimage\"},\"thumbnailUrl\":\"https:\/\/magdacesti.md\/wp-content\/uploads\/2017\/01\/image-2013-09-9-15546568-70-caini-comunitari.jpg\",\"articleSection\":[\"Stiri\"],\"inLanguage\":\"en-US\"},{\"@type\":\"WebPage\",\"@id\":\"https:\/\/magdacesti.md\/?p=983\",\"url\":\"https:\/\/magdacesti.md\/?p=983\",\"name\":\"Ave\u021bi grij\u0103 de animalele voastre de companie! - M\u0103gd\u0103ce\u0219ti\",\"isPartOf\":{\"@id\":\"https:\/\/magdacesti.md\/#website\"},\"primaryImageOfPage\":{\"@id\":\"https:\/\/magdacesti.md\/?p=983#primaryimage\"},\"image\":{\"@id\":\"https:\/\/magdacesti.md\/?p=983#primaryimage\"},\"thumbnailUrl\":\"https:\/\/magdacesti.md\/wp-content\/uploads\/2017\/01\/image-2013-09-9-15546568-70-caini-comunitari.jpg\",\"datePublished\":\"2017-01-18T13:49:46+00:00\",\"dateModified\":\"2017-01-18T13:49:46+00:00\",\"description\":\"Bine ati venit pe pagina oficiala a Primariei Magdacesti.\",\"breadcrumb\":{\"@id\":\"https:\/\/magdacesti.md\/?p=983#breadcrumb\"},\"inLanguage\":\"en-US\",\"potentialAction\":[{\"@type\":\"ReadAction\",\"target\":[\"https:\/\/magdacesti.md\/?p=983\"]}]},{\"@type\":\"ImageObject\",\"inLanguage\":\"en-US\",\"@id\":\"https:\/\/magdacesti.md\/?p=983#primaryimage\",\"url\":\"https:\/\/magdacesti.md\/wp-content\/uploads\/2017\/01\/image-2013-09-9-15546568-70-caini-comunitari.jpg\",\"contentUrl\":\"https:\/\/magdacesti.md\/wp-content\/uploads\/2017\/01\/image-2013-09-9-15546568-70-caini-comunitari.jpg\"},{\"@type\":\"BreadcrumbList\",\"@id\":\"https:\/\/magdacesti.md\/?p=983#breadcrumb\",\"itemListElement\":[{\"@type\":\"ListItem\",\"position\":1,\"name\":\"Home\",\"item\":\"https:\/\/magdacesti.md\/\"},{\"@type\":\"ListItem\",\"position\":2,\"name\":\"Ave\u021bi grij\u0103 de animalele voastre de companie!\"}]},{\"@type\":\"WebSite\",\"@id\":\"https:\/\/magdacesti.md\/#website\",\"url\":\"https:\/\/magdacesti.md\/\",\"name\":\"M\u0103gd\u0103ce\u0219ti\",\"description\":\"Un or\u0103\u0219el cu condi\u021bii decente de trai!\",\"publisher\":{\"@id\":\"https:\/\/magdacesti.md\/#organization\"},\"potentialAction\":[{\"@type\":\"SearchAction\",\"target\":{\"@type\":\"EntryPoint\",\"urlTemplate\":\"https:\/\/magdacesti.md\/?s={search_term_string}\"},\"query-input\":\"required name=search_term_string\"}],\"inLanguage\":\"en-US\"},{\"@type\":\"Organization\",\"@id\":\"https:\/\/magdacesti.md\/#organization\",\"name\":\"M\u0103gd\u0103ce\u0219ti\",\"url\":\"https:\/\/magdacesti.md\/\",\"logo\":{\"@type\":\"ImageObject\",\"inLanguage\":\"en-US\",\"@id\":\"https:\/\/magdacesti.md\/#\/schema\/logo\/image\/\",\"url\":\"https:\/\/magdacesti.md\/wp-content\/uploads\/2021\/03\/Foto-514-scaled.jpg\",\"contentUrl\":\"https:\/\/magdacesti.md\/wp-content\/uploads\/2021\/03\/Foto-514-scaled.jpg\",\"width\":2560,\"height\":1707,\"caption\":\"M\u0103gd\u0103ce\u0219ti\"},\"image\":{\"@id\":\"https:\/\/magdacesti.md\/#\/schema\/logo\/image\/\"},\"sameAs\":[\"https:\/\/www.facebook.com\/magdacesti.md\/\"]},{\"@type\":\"Person\",\"@id\":\"https:\/\/magdacesti.md\/#\/schema\/person\/ee6a6d0a5f0b0cb676ac992c8e414842\",\"name\":\"magdacesti\",\"sameAs\":[\"https:\/\/magdacesti.md\"],\"url\":\"https:\/\/magdacesti.md\/?author=1\"}]}<\/script>\n<!-- \/ Yoast SEO plugin. -->","yoast_head_json":{"title":"Ave\u021bi grij\u0103 de animalele voastre de companie! - M\u0103gd\u0103ce\u0219ti","description":"Bine ati venit pe pagina oficiala a Primariei Magdacesti.","robots":{"index":"index","follow":"follow","max-snippet":"max-snippet:-1","max-image-preview":"max-image-preview:large","max-video-preview":"max-video-preview:-1"},"canonical":"https:\/\/magdacesti.md\/?p=983","og_locale":"en_US","og_type":"article","og_title":"Ave\u021bi grij\u0103 de animalele voastre de companie! - M\u0103gd\u0103ce\u0219ti","og_description":"Bine ati venit pe pagina oficiala a Primariei Magdacesti.","og_url":"https:\/\/magdacesti.md\/?p=983","og_site_name":"M\u0103gd\u0103ce\u0219ti","article_publisher":"https:\/\/www.facebook.com\/magdacesti.md\/","article_published_time":"2017-01-18T13:49:46+00:00","og_image":[{"url":"https:\/\/magdacesti.md\/wp-content\/uploads\/2017\/01\/image-2013-09-9-15546568-70-caini-comunitari.jpg"}],"author":"magdacesti","twitter_card":"summary_large_image","twitter_misc":{"Written by":"magdacesti","Est. reading time":"1 minute"},"schema":{"@context":"https:\/\/schema.org","@graph":[{"@type":"Article","@id":"https:\/\/magdacesti.md\/?p=983#article","isPartOf":{"@id":"https:\/\/magdacesti.md\/?p=983"},"author":{"name":"magdacesti","@id":"https:\/\/magdacesti.md\/#\/schema\/person\/ee6a6d0a5f0b0cb676ac992c8e414842"},"headline":"Ave\u021bi grij\u0103 de animalele voastre de companie!","datePublished":"2017-01-18T13:49:46+00:00","dateModified":"2017-01-18T13:49:46+00:00","mainEntityOfPage":{"@id":"https:\/\/magdacesti.md\/?p=983"},"wordCount":143,"publisher":{"@id":"https:\/\/magdacesti.md\/#organization"},"image":{"@id":"https:\/\/magdacesti.md\/?p=983#primaryimage"},"thumbnailUrl":"https:\/\/magdacesti.md\/wp-content\/uploads\/2017\/01\/image-2013-09-9-15546568-70-caini-comunitari.jpg","articleSection":["Stiri"],"inLanguage":"en-US"},{"@type":"WebPage","@id":"https:\/\/magdacesti.md\/?p=983","url":"https:\/\/magdacesti.md\/?p=983","name":"Ave\u021bi grij\u0103 de animalele voastre de companie! - M\u0103gd\u0103ce\u0219ti","isPartOf":{"@id":"https:\/\/magdacesti.md\/#website"},"primaryImageOfPage":{"@id":"https:\/\/magdacesti.md\/?p=983#primaryimage"},"image":{"@id":"https:\/\/magdacesti.md\/?p=983#primaryimage"},"thumbnailUrl":"https:\/\/magdacesti.md\/wp-content\/uploads\/2017\/01\/image-2013-09-9-15546568-70-caini-comunitari.jpg","datePublished":"2017-01-18T13:49:46+00:00","dateModified":"2017-01-18T13:49:46+00:00","description":"Bine ati venit pe pagina oficiala a Primariei Magdacesti.","breadcrumb":{"@id":"https:\/\/magdacesti.md\/?p=983#breadcrumb"},"inLanguage":"en-US","potentialAction":[{"@type":"ReadAction","target":["https:\/\/magdacesti.md\/?p=983"]}]},{"@type":"ImageObject","inLanguage":"en-US","@id":"https:\/\/magdacesti.md\/?p=983#primaryimage","url":"https:\/\/magdacesti.md\/wp-content\/uploads\/2017\/01\/image-2013-09-9-15546568-70-caini-comunitari.jpg","contentUrl":"https:\/\/magdacesti.md\/wp-content\/uploads\/2017\/01\/image-2013-09-9-15546568-70-caini-comunitari.jpg"},{"@type":"BreadcrumbList","@id":"https:\/\/magdacesti.md\/?p=983#breadcrumb","itemListElement":[{"@type":"ListItem","position":1,"name":"Home","item":"https:\/\/magdacesti.md\/"},{"@type":"ListItem","position":2,"name":"Ave\u021bi grij\u0103 de animalele voastre de companie!"}]},{"@type":"WebSite","@id":"https:\/\/magdacesti.md\/#website","url":"https:\/\/magdacesti.md\/","name":"M\u0103gd\u0103ce\u0219ti","description":"Un or\u0103\u0219el cu condi\u021bii decente de trai!","publisher":{"@id":"https:\/\/magdacesti.md\/#organization"},"potentialAction":[{"@type":"SearchAction","target":{"@type":"EntryPoint","urlTemplate":"https:\/\/magdacesti.md\/?s={search_term_string}"},"query-input":"required name=search_term_string"}],"inLanguage":"en-US"},{"@type":"Organization","@id":"https:\/\/magdacesti.md\/#organization","name":"M\u0103gd\u0103ce\u0219ti","url":"https:\/\/magdacesti.md\/","logo":{"@type":"ImageObject","inLanguage":"en-US","@id":"https:\/\/magdacesti.md\/#\/schema\/logo\/image\/","url":"https:\/\/magdacesti.md\/wp-content\/uploads\/2021\/03\/Foto-514-scaled.jpg","contentUrl":"https:\/\/magdacesti.md\/wp-content\/uploads\/2021\/03\/Foto-514-scaled.jpg","width":2560,"height":1707,"caption":"M\u0103gd\u0103ce\u0219ti"},"image":{"@id":"https:\/\/magdacesti.md\/#\/schema\/logo\/image\/"},"sameAs":["https:\/\/www.facebook.com\/magdacesti.md\/"]},{"@type":"Person","@id":"https:\/\/magdacesti.md\/#\/schema\/person\/ee6a6d0a5f0b0cb676ac992c8e414842","name":"magdacesti","sameAs":["https:\/\/magdacesti.md"],"url":"https:\/\/magdacesti.md\/?author=1"}]}},"_links":{"self":[{"href":"https:\/\/magdacesti.md\/index.php?rest_route=\/wp\/v2\/posts\/983","targetHints":{"allow":["GET"]}}],"collection":[{"href":"https:\/\/magdacesti.md\/index.php?rest_route=\/wp\/v2\/posts"}],"about":[{"href":"https:\/\/magdacesti.md\/index.php?rest_route=\/wp\/v2\/types\/post"}],"author":[{"embeddable":true,"href":"https:\/\/magdacesti.md\/index.php?rest_route=\/wp\/v2\/users\/1"}],"replies":[{"embeddable":true,"href":"https:\/\/magdacesti.md\/index.php?rest_route=%2Fwp%2Fv2%2Fcomments&post=983"}],"version-history":[{"count":0,"href":"https:\/\/magdacesti.md\/index.php?rest_route=\/wp\/v2\/posts\/983\/revisions"}],"wp:attachment":[{"href":"https:\/\/magdacesti.md\/index.php?rest_route=%2Fwp%2Fv2%2Fmedia&parent=983"}],"wp:term":[{"taxonomy":"category","embeddable":true,"href":"https:\/\/magdacesti.md\/index.php?rest_route=%2Fwp%2Fv2%2Fcategories&post=983"},{"taxonomy":"post_tag","embeddable":true,"href":"https:\/\/magdacesti.md\/index.php?rest_route=%2Fwp%2Fv2%2Ftags&post=983"}],"curies":[{"name":"wp","href":"https:\/\/api.w.org\/{rel}","templated":true}]}}